{"id":1639,"date":"2012-10-15T09:57:55","date_gmt":"2012-10-15T07:57:55","guid":{"rendered":"http:\/\/www.thelins.se\/lisa\/blog\/?p=1639"},"modified":"2012-09-30T10:00:13","modified_gmt":"2012-09-30T08:00:13","slug":"tta","status":"publish","type":"post","link":"https:\/\/www.thelins.se\/lisa\/blog\/2012\/10\/tta\/","title":{"rendered":"TTA"},"content":{"rendered":"<p>Hej alla,<\/p>\n<p>Jag och pappa var och kollade p\u00e5 r\u00e4serbilar f\u00f6r n\u00e5gra veckor sedan. De k\u00f6rde b\u00e5de stora och sm\u00e5 bilar. Det var inte s\u00e5 roligt f\u00f6r de k\u00f6rde v\u00e4ldigt l\u00e4nge, men utanf\u00f6r kunde man provsitta och kolla p\u00e5 saker. Det var kul!<\/p>\n<p><a href=\"https:\/\/www.thelins.se\/lisa\/blog\/wp-content\/uploads\/2012\/09\/12090047.jpg\"><img loading=\"lazy\" decoding=\"async\" class=\"aligncenter size-medium wp-image-1641\" title=\"12090047\" src=\"https:\/\/www.thelins.se\/lisa\/blog\/wp-content\/uploads\/2012\/09\/12090047-168x300.jpg\" alt=\"\" width=\"168\" height=\"300\" srcset=\"https:\/\/www.thelins.se\/lisa\/blog\/wp-content\/uploads\/2012\/09\/12090047-168x300.jpg 168w, https:\/\/www.thelins.se\/lisa\/blog\/wp-content\/uploads\/2012\/09\/12090047-576x1024.jpg 576w, https:\/\/www.thelins.se\/lisa\/blog\/wp-content\/uploads\/2012\/09\/12090047-56x100.jpg 56w, https:\/\/www.thelins.se\/lisa\/blog\/wp-content\/uploads\/2012\/09\/12090047-84x150.jpg 84w\" sizes=\"auto, (max-width: 168px) 100vw, 168px\" \/><\/a><\/p>\n<p>\/L<\/p>\n","protected":false},"excerpt":{"rendered":"<p>Hej alla, Jag och pappa var och kollade p\u00e5 r\u00e4serbilar f\u00f6r n\u00e5gra veckor sedan. De k\u00f6rde b\u00e5de stora och sm\u00e5 bilar. Det var inte s\u00e5 roligt f\u00f6r de k\u00f6rde v\u00e4ldigt l\u00e4nge, men utanf\u00f6r kunde man provsitta och kolla p\u00e5 saker. Det var kul! \/L<\/p>\n","protected":false},"author":2,"featured_media":0,"comment_status":"closed","ping_status":"closed","sticky":false,"template":"","format":"standard","meta":{"footnotes":""},"categories":[1],"tags":[],"class_list":["post-1639","post","type-post","status-publish","format-standard","hentry","category-uncategorized"],"_links":{"self":[{"href":"https:\/\/www.thelins.se\/lisa\/blog\/wp-json\/wp\/v2\/posts\/1639","targetHints":{"allow":["GET"]}}],"collection":[{"href":"https:\/\/www.thelins.se\/lisa\/blog\/wp-json\/wp\/v2\/posts"}],"about":[{"href":"https:\/\/www.thelins.se\/lisa\/blog\/wp-json\/wp\/v2\/types\/post"}],"author":[{"embeddable":true,"href":"https:\/\/www.thelins.se\/lisa\/blog\/wp-json\/wp\/v2\/users\/2"}],"replies":[{"embeddable":true,"href":"https:\/\/www.thelins.se\/lisa\/blog\/wp-json\/wp\/v2\/comments?post=1639"}],"version-history":[{"count":1,"href":"https:\/\/www.thelins.se\/lisa\/blog\/wp-json\/wp\/v2\/posts\/1639\/revisions"}],"predecessor-version":[{"id":1642,"href":"https:\/\/www.thelins.se\/lisa\/blog\/wp-json\/wp\/v2\/posts\/1639\/revisions\/1642"}],"wp:attachment":[{"href":"https:\/\/www.thelins.se\/lisa\/blog\/wp-json\/wp\/v2\/media?parent=1639"}],"wp:term":[{"taxonomy":"category","embeddable":true,"href":"https:\/\/www.thelins.se\/lisa\/blog\/wp-json\/wp\/v2\/categories?post=1639"},{"taxonomy":"post_tag","embeddable":true,"href":"https:\/\/www.thelins.se\/lisa\/blog\/wp-json\/wp\/v2\/tags?post=1639"}],"curies":[{"name":"wp","href":"https:\/\/api.w.org\/{rel}","templated":true}]}}