{"id":1601,"date":"2012-06-30T11:17:32","date_gmt":"2012-06-30T09:17:32","guid":{"rendered":"http:\/\/www.thelins.se\/lisa\/blog\/?p=1601"},"modified":"2012-06-30T11:17:32","modified_gmt":"2012-06-30T09:17:32","slug":"lillebror","status":"publish","type":"post","link":"https:\/\/www.thelins.se\/lisa\/blog\/2012\/06\/lillebror\/","title":{"rendered":"Lillebror!"},"content":{"rendered":"<p>Hej alla,<\/p>\n<p>I f\u00f6rra veckan s\u00e5 fick jag en lillebror. Han heter Erik och \u00e4r j\u00e4ttes\u00f6t. Jag tycker om att h\u00e5lla honom och att leka med honom.<\/p>\n<p><a href=\"https:\/\/www.thelins.se\/lisa\/blog\/wp-content\/uploads\/2012\/06\/12060047.jpg\"><img loading=\"lazy\" decoding=\"async\" class=\"aligncenter size-medium wp-image-1602\" title=\"12060047\" src=\"https:\/\/www.thelins.se\/lisa\/blog\/wp-content\/uploads\/2012\/06\/12060047-300x168.jpg\" alt=\"\" width=\"300\" height=\"168\" srcset=\"https:\/\/www.thelins.se\/lisa\/blog\/wp-content\/uploads\/2012\/06\/12060047-300x168.jpg 300w, https:\/\/www.thelins.se\/lisa\/blog\/wp-content\/uploads\/2012\/06\/12060047-1024x576.jpg 1024w, https:\/\/www.thelins.se\/lisa\/blog\/wp-content\/uploads\/2012\/06\/12060047-100x56.jpg 100w, https:\/\/www.thelins.se\/lisa\/blog\/wp-content\/uploads\/2012\/06\/12060047-150x84.jpg 150w\" sizes=\"auto, (max-width: 300px) 100vw, 300px\" \/><\/a><\/p>\n<p>Han kan inte leka s\u00e5 mycket \u00e4n. Men om ett tag. D\u00e5 ska vi leka varje dag!<\/p>\n<p>Erik har en egen blog. Den hittar ni p\u00e5 <a href=\"http:\/\/www.thelins.se\/erik\/blog\" target=\"_blank\">thelins.se\/erik\/blog<\/a>.<\/p>\n<p>\/Lisa<\/p>\n","protected":false},"excerpt":{"rendered":"<p>Hej alla, I f\u00f6rra veckan s\u00e5 fick jag en lillebror. Han heter Erik och \u00e4r j\u00e4ttes\u00f6t. Jag tycker om att h\u00e5lla honom och att leka med honom. Han kan inte leka s\u00e5 mycket \u00e4n. Men om ett tag. D\u00e5 ska vi leka varje dag! Erik har en egen blog. Den hittar ni p\u00e5 thelins.se\/erik\/blog. \/Lisa<\/p>\n","protected":false},"author":2,"featured_media":0,"comment_status":"closed","ping_status":"closed","sticky":false,"template":"","format":"standard","meta":{"footnotes":""},"categories":[1],"tags":[],"class_list":["post-1601","post","type-post","status-publish","format-standard","hentry","category-uncategorized"],"_links":{"self":[{"href":"https:\/\/www.thelins.se\/lisa\/blog\/wp-json\/wp\/v2\/posts\/1601","targetHints":{"allow":["GET"]}}],"collection":[{"href":"https:\/\/www.thelins.se\/lisa\/blog\/wp-json\/wp\/v2\/posts"}],"about":[{"href":"https:\/\/www.thelins.se\/lisa\/blog\/wp-json\/wp\/v2\/types\/post"}],"author":[{"embeddable":true,"href":"https:\/\/www.thelins.se\/lisa\/blog\/wp-json\/wp\/v2\/users\/2"}],"replies":[{"embeddable":true,"href":"https:\/\/www.thelins.se\/lisa\/blog\/wp-json\/wp\/v2\/comments?post=1601"}],"version-history":[{"count":1,"href":"https:\/\/www.thelins.se\/lisa\/blog\/wp-json\/wp\/v2\/posts\/1601\/revisions"}],"predecessor-version":[{"id":1603,"href":"https:\/\/www.thelins.se\/lisa\/blog\/wp-json\/wp\/v2\/posts\/1601\/revisions\/1603"}],"wp:attachment":[{"href":"https:\/\/www.thelins.se\/lisa\/blog\/wp-json\/wp\/v2\/media?parent=1601"}],"wp:term":[{"taxonomy":"category","embeddable":true,"href":"https:\/\/www.thelins.se\/lisa\/blog\/wp-json\/wp\/v2\/categories?post=1601"},{"taxonomy":"post_tag","embeddable":true,"href":"https:\/\/www.thelins.se\/lisa\/blog\/wp-json\/wp\/v2\/tags?post=1601"}],"curies":[{"name":"wp","href":"https:\/\/api.w.org\/{rel}","templated":true}]}}