{"id":16,"date":"2008-09-09T13:17:00","date_gmt":"2008-09-09T11:17:00","guid":{"rendered":"http:\/\/www.thelins.se\/lisa\/blog\/2008\/09\/16\/"},"modified":"2008-09-09T13:17:00","modified_gmt":"2008-09-09T11:17:00","slug":"16","status":"publish","type":"post","link":"https:\/\/www.thelins.se\/lisa\/blog\/2008\/09\/16\/","title":{"rendered":"Post 16"},"content":{"rendered":"<p>>Hej,<\/p>\n<p>Idag har jag provat steg tv\u00e5 i matintroduktionskursen jag g\u00e5r. Jag och mamma \u00e5t morotspure.<\/p>\n<p><a onblur=\"try {parent.deselectBloggerImageGracefully();} catch(e) {}\" href=\"https:\/\/www.thelins.se\/lisa\/blog\/uploaded_images\/P9060068-786972.JPG\"><img decoding=\"async\" style=\"margin: 0px auto 10px; display: block; text-align: center; cursor: pointer;\" src=\"https:\/\/www.thelins.se\/lisa\/blog\/uploaded_images\/P9060068-786230.JPG\" alt=\"\" border=\"0\" \/><\/a><\/p>\n<p>Det var s\u00e5 mumsigt att jag missade munnen en del g\u00e5nger. Det \u00e4r kr\u00e5ngligt det h\u00e4r med fast f\u00f6da, men har man t\u00e5lamod s\u00e5 g\u00e5r det bra.<\/p>\n<p><a onblur=\"try {parent.deselectBloggerImageGracefully();} catch(e) {}\" href=\"https:\/\/www.thelins.se\/lisa\/blog\/uploaded_images\/P9060072-724523.JPG\"><img decoding=\"async\" style=\"margin: 0px auto 10px; display: block; text-align: center; cursor: pointer;\" src=\"https:\/\/www.thelins.se\/lisa\/blog\/uploaded_images\/P9060072-723860.JPG\" alt=\"\" border=\"0\" \/><\/a><\/p>\n<p>Efter moroten s\u00e5 fick jag lite potatismos ocks\u00e5. En perfekt kombination! Jag ska nog satsa p\u00e5 morot och potatis ett tag fram\u00e5t, s\u00e5 f\u00e5r vi se vad mamma hittar p\u00e5 sen.<\/p>\n<p>\/Lisa<\/p>\n","protected":false},"excerpt":{"rendered":"<p>>Hej, Idag har jag provat steg tv\u00e5 i matintroduktionskursen jag g\u00e5r. Jag och mamma \u00e5t morotspure. Det var s\u00e5 mumsigt att jag missade munnen en del g\u00e5nger. Det \u00e4r kr\u00e5ngligt det h\u00e4r med fast f\u00f6da, men har man t\u00e5lamod s\u00e5 g\u00e5r det bra. Efter moroten s\u00e5 fick jag lite potatismos ocks\u00e5. En perfekt kombination! Jag&hellip;<\/p>\n","protected":false},"author":2,"featured_media":0,"comment_status":"closed","ping_status":"closed","sticky":false,"template":"","format":"standard","meta":{"footnotes":""},"categories":[1],"tags":[],"class_list":["post-16","post","type-post","status-publish","format-standard","hentry","category-uncategorized"],"_links":{"self":[{"href":"https:\/\/www.thelins.se\/lisa\/blog\/wp-json\/wp\/v2\/posts\/16","targetHints":{"allow":["GET"]}}],"collection":[{"href":"https:\/\/www.thelins.se\/lisa\/blog\/wp-json\/wp\/v2\/posts"}],"about":[{"href":"https:\/\/www.thelins.se\/lisa\/blog\/wp-json\/wp\/v2\/types\/post"}],"author":[{"embeddable":true,"href":"https:\/\/www.thelins.se\/lisa\/blog\/wp-json\/wp\/v2\/users\/2"}],"replies":[{"embeddable":true,"href":"https:\/\/www.thelins.se\/lisa\/blog\/wp-json\/wp\/v2\/comments?post=16"}],"version-history":[{"count":0,"href":"https:\/\/www.thelins.se\/lisa\/blog\/wp-json\/wp\/v2\/posts\/16\/revisions"}],"wp:attachment":[{"href":"https:\/\/www.thelins.se\/lisa\/blog\/wp-json\/wp\/v2\/media?parent=16"}],"wp:term":[{"taxonomy":"category","embeddable":true,"href":"https:\/\/www.thelins.se\/lisa\/blog\/wp-json\/wp\/v2\/categories?post=16"},{"taxonomy":"post_tag","embeddable":true,"href":"https:\/\/www.thelins.se\/lisa\/blog\/wp-json\/wp\/v2\/tags?post=16"}],"curies":[{"name":"wp","href":"https:\/\/api.w.org\/{rel}","templated":true}]}}