{"id":1588,"date":"2012-05-25T08:00:06","date_gmt":"2012-05-25T06:00:06","guid":{"rendered":"http:\/\/www.thelins.se\/lisa\/blog\/?p=1588"},"modified":"2012-05-21T09:16:07","modified_gmt":"2012-05-21T07:16:07","slug":"1588","status":"publish","type":"post","link":"https:\/\/www.thelins.se\/lisa\/blog\/2012\/05\/1588\/","title":{"rendered":"Borsta t\u00e4nder &#8211; p\u00e5 pappa"},"content":{"rendered":"<p>Hej alla,<\/p>\n<p>H\u00e4romdagen uppt\u00e4ckte jag att pappas t\u00e4nder inte var rena. Det var l\u00e4tt fixat. H\u00e4mta tandborste och gnugga-gnugga-gnugga!<\/p>\n<p><a href=\"https:\/\/www.thelins.se\/lisa\/blog\/wp-content\/uploads\/2012\/05\/IMAG2075.jpg\"><img loading=\"lazy\" decoding=\"async\" class=\"aligncenter size-medium wp-image-1589\" title=\"IMAG2075\" src=\"https:\/\/www.thelins.se\/lisa\/blog\/wp-content\/uploads\/2012\/05\/IMAG2075-300x284.jpg\" alt=\"\" width=\"300\" height=\"284\" srcset=\"https:\/\/www.thelins.se\/lisa\/blog\/wp-content\/uploads\/2012\/05\/IMAG2075-300x284.jpg 300w, https:\/\/www.thelins.se\/lisa\/blog\/wp-content\/uploads\/2012\/05\/IMAG2075-1024x971.jpg 1024w, https:\/\/www.thelins.se\/lisa\/blog\/wp-content\/uploads\/2012\/05\/IMAG2075-100x94.jpg 100w, https:\/\/www.thelins.se\/lisa\/blog\/wp-content\/uploads\/2012\/05\/IMAG2075-150x142.jpg 150w, https:\/\/www.thelins.se\/lisa\/blog\/wp-content\/uploads\/2012\/05\/IMAG2075.jpg 1392w\" sizes=\"auto, (max-width: 300px) 100vw, 300px\" \/><\/a><\/p>\n<p>\/L<\/p>\n","protected":false},"excerpt":{"rendered":"<p>Hej alla, H\u00e4romdagen uppt\u00e4ckte jag att pappas t\u00e4nder inte var rena. Det var l\u00e4tt fixat. H\u00e4mta tandborste och gnugga-gnugga-gnugga! \/L<\/p>\n","protected":false},"author":2,"featured_media":0,"comment_status":"closed","ping_status":"closed","sticky":false,"template":"","format":"standard","meta":{"footnotes":""},"categories":[1],"tags":[],"class_list":["post-1588","post","type-post","status-publish","format-standard","hentry","category-uncategorized"],"_links":{"self":[{"href":"https:\/\/www.thelins.se\/lisa\/blog\/wp-json\/wp\/v2\/posts\/1588","targetHints":{"allow":["GET"]}}],"collection":[{"href":"https:\/\/www.thelins.se\/lisa\/blog\/wp-json\/wp\/v2\/posts"}],"about":[{"href":"https:\/\/www.thelins.se\/lisa\/blog\/wp-json\/wp\/v2\/types\/post"}],"author":[{"embeddable":true,"href":"https:\/\/www.thelins.se\/lisa\/blog\/wp-json\/wp\/v2\/users\/2"}],"replies":[{"embeddable":true,"href":"https:\/\/www.thelins.se\/lisa\/blog\/wp-json\/wp\/v2\/comments?post=1588"}],"version-history":[{"count":2,"href":"https:\/\/www.thelins.se\/lisa\/blog\/wp-json\/wp\/v2\/posts\/1588\/revisions"}],"predecessor-version":[{"id":1591,"href":"https:\/\/www.thelins.se\/lisa\/blog\/wp-json\/wp\/v2\/posts\/1588\/revisions\/1591"}],"wp:attachment":[{"href":"https:\/\/www.thelins.se\/lisa\/blog\/wp-json\/wp\/v2\/media?parent=1588"}],"wp:term":[{"taxonomy":"category","embeddable":true,"href":"https:\/\/www.thelins.se\/lisa\/blog\/wp-json\/wp\/v2\/categories?post=1588"},{"taxonomy":"post_tag","embeddable":true,"href":"https:\/\/www.thelins.se\/lisa\/blog\/wp-json\/wp\/v2\/tags?post=1588"}],"curies":[{"name":"wp","href":"https:\/\/api.w.org\/{rel}","templated":true}]}}