{"id":1581,"date":"2012-05-22T10:27:27","date_gmt":"2012-05-22T08:27:27","guid":{"rendered":"http:\/\/www.thelins.se\/lisa\/blog\/?p=1581"},"modified":"2012-05-18T10:28:16","modified_gmt":"2012-05-18T08:28:16","slug":"dammsugning-med-stil","status":"publish","type":"post","link":"https:\/\/www.thelins.se\/lisa\/blog\/2012\/05\/dammsugning-med-stil\/","title":{"rendered":"Dammsugning med stil"},"content":{"rendered":"<p>Hej alla!<\/p>\n<p>Det g\u00e4ller att h\u00e5lla stilen n\u00e4r man st\u00e4dar. Sj\u00e4lv har jag diadem och prinsesskl\u00e4nning p\u00e5 mig n\u00e4r jag dammsuger. Det blir finare s\u00e5!<\/p>\n<p><a href=\"https:\/\/www.thelins.se\/lisa\/blog\/wp-content\/uploads\/2012\/05\/IMAG2074.jpg\"><img loading=\"lazy\" decoding=\"async\" class=\"aligncenter size-medium wp-image-1582\" title=\"IMAG2074\" src=\"https:\/\/www.thelins.se\/lisa\/blog\/wp-content\/uploads\/2012\/05\/IMAG2074-179x300.jpg\" alt=\"\" width=\"179\" height=\"300\" srcset=\"https:\/\/www.thelins.se\/lisa\/blog\/wp-content\/uploads\/2012\/05\/IMAG2074-179x300.jpg 179w, https:\/\/www.thelins.se\/lisa\/blog\/wp-content\/uploads\/2012\/05\/IMAG2074-613x1024.jpg 613w, https:\/\/www.thelins.se\/lisa\/blog\/wp-content\/uploads\/2012\/05\/IMAG2074-59x100.jpg 59w, https:\/\/www.thelins.se\/lisa\/blog\/wp-content\/uploads\/2012\/05\/IMAG2074-89x150.jpg 89w, https:\/\/www.thelins.se\/lisa\/blog\/wp-content\/uploads\/2012\/05\/IMAG2074.jpg 1552w\" sizes=\"auto, (max-width: 179px) 100vw, 179px\" \/><\/a><\/p>\n<p>\/L<\/p>\n","protected":false},"excerpt":{"rendered":"<p>Hej alla! Det g\u00e4ller att h\u00e5lla stilen n\u00e4r man st\u00e4dar. Sj\u00e4lv har jag diadem och prinsesskl\u00e4nning p\u00e5 mig n\u00e4r jag dammsuger. Det blir finare s\u00e5! \/L<\/p>\n","protected":false},"author":2,"featured_media":0,"comment_status":"closed","ping_status":"closed","sticky":false,"template":"","format":"standard","meta":{"footnotes":""},"categories":[1],"tags":[],"class_list":["post-1581","post","type-post","status-publish","format-standard","hentry","category-uncategorized"],"_links":{"self":[{"href":"https:\/\/www.thelins.se\/lisa\/blog\/wp-json\/wp\/v2\/posts\/1581","targetHints":{"allow":["GET"]}}],"collection":[{"href":"https:\/\/www.thelins.se\/lisa\/blog\/wp-json\/wp\/v2\/posts"}],"about":[{"href":"https:\/\/www.thelins.se\/lisa\/blog\/wp-json\/wp\/v2\/types\/post"}],"author":[{"embeddable":true,"href":"https:\/\/www.thelins.se\/lisa\/blog\/wp-json\/wp\/v2\/users\/2"}],"replies":[{"embeddable":true,"href":"https:\/\/www.thelins.se\/lisa\/blog\/wp-json\/wp\/v2\/comments?post=1581"}],"version-history":[{"count":2,"href":"https:\/\/www.thelins.se\/lisa\/blog\/wp-json\/wp\/v2\/posts\/1581\/revisions"}],"predecessor-version":[{"id":1586,"href":"https:\/\/www.thelins.se\/lisa\/blog\/wp-json\/wp\/v2\/posts\/1581\/revisions\/1586"}],"wp:attachment":[{"href":"https:\/\/www.thelins.se\/lisa\/blog\/wp-json\/wp\/v2\/media?parent=1581"}],"wp:term":[{"taxonomy":"category","embeddable":true,"href":"https:\/\/www.thelins.se\/lisa\/blog\/wp-json\/wp\/v2\/categories?post=1581"},{"taxonomy":"post_tag","embeddable":true,"href":"https:\/\/www.thelins.se\/lisa\/blog\/wp-json\/wp\/v2\/tags?post=1581"}],"curies":[{"name":"wp","href":"https:\/\/api.w.org\/{rel}","templated":true}]}}