{"id":1570,"date":"2012-05-18T10:27:04","date_gmt":"2012-05-18T08:27:04","guid":{"rendered":"http:\/\/www.thelins.se\/lisa\/blog\/?p=1570"},"modified":"2012-05-18T10:29:11","modified_gmt":"2012-05-18T08:29:11","slug":"kalas","status":"publish","type":"post","link":"https:\/\/www.thelins.se\/lisa\/blog\/2012\/05\/kalas\/","title":{"rendered":"Kalas!"},"content":{"rendered":"<p>Hej alla,<\/p>\n<p>Sedan ett par veckor tillbaka s\u00e5 \u00e4r jag fyra \u00e5r! Jag har haft kalas, barnkalas och jag fick till och med presenter p\u00e5 pappas kalas.<\/p>\n<p>P\u00e5 mitt barnkalas kom Melvin f\u00f6rst. Jag fick ett stort paket av honom.<\/p>\n<p><a href=\"https:\/\/www.thelins.se\/lisa\/blog\/wp-content\/uploads\/2012\/05\/P1030737.jpg\"><img loading=\"lazy\" decoding=\"async\" class=\"aligncenter size-medium wp-image-1571\" title=\"P1030737\" src=\"https:\/\/www.thelins.se\/lisa\/blog\/wp-content\/uploads\/2012\/05\/P1030737-300x225.jpg\" alt=\"\" width=\"300\" height=\"225\" srcset=\"https:\/\/www.thelins.se\/lisa\/blog\/wp-content\/uploads\/2012\/05\/P1030737-300x225.jpg 300w, https:\/\/www.thelins.se\/lisa\/blog\/wp-content\/uploads\/2012\/05\/P1030737-1024x768.jpg 1024w, https:\/\/www.thelins.se\/lisa\/blog\/wp-content\/uploads\/2012\/05\/P1030737-100x75.jpg 100w, https:\/\/www.thelins.se\/lisa\/blog\/wp-content\/uploads\/2012\/05\/P1030737-150x112.jpg 150w\" sizes=\"auto, (max-width: 300px) 100vw, 300px\" \/><\/a><\/p>\n<p>Sedan lekte vi alla med balonger p\u00e5 \u00f6verv\u00e5ningen. Vi kastade ner dem f\u00f6r trappan och pappa f\u00f6rs\u00f6kte kasta tillbaka dem. Vi vann!<\/p>\n<p><a href=\"https:\/\/www.thelins.se\/lisa\/blog\/wp-content\/uploads\/2012\/05\/P1030738.jpg\"><img loading=\"lazy\" decoding=\"async\" class=\"aligncenter size-medium wp-image-1572\" title=\"P1030738\" src=\"https:\/\/www.thelins.se\/lisa\/blog\/wp-content\/uploads\/2012\/05\/P1030738-225x300.jpg\" alt=\"\" width=\"225\" height=\"300\" srcset=\"https:\/\/www.thelins.se\/lisa\/blog\/wp-content\/uploads\/2012\/05\/P1030738-225x300.jpg 225w, https:\/\/www.thelins.se\/lisa\/blog\/wp-content\/uploads\/2012\/05\/P1030738-768x1024.jpg 768w, https:\/\/www.thelins.se\/lisa\/blog\/wp-content\/uploads\/2012\/05\/P1030738-75x100.jpg 75w, https:\/\/www.thelins.se\/lisa\/blog\/wp-content\/uploads\/2012\/05\/P1030738-112x150.jpg 112w\" sizes=\"auto, (max-width: 225px) 100vw, 225px\" \/><\/a><\/p>\n<p>Sedan kom det fler kompisar med fler paket.<\/p>\n<p><a href=\"https:\/\/www.thelins.se\/lisa\/blog\/wp-content\/uploads\/2012\/05\/P1030740.jpg\"><img loading=\"lazy\" decoding=\"async\" class=\"aligncenter size-medium wp-image-1573\" title=\"P1030740\" src=\"https:\/\/www.thelins.se\/lisa\/blog\/wp-content\/uploads\/2012\/05\/P1030740-300x225.jpg\" alt=\"\" width=\"300\" height=\"225\" srcset=\"https:\/\/www.thelins.se\/lisa\/blog\/wp-content\/uploads\/2012\/05\/P1030740-300x225.jpg 300w, https:\/\/www.thelins.se\/lisa\/blog\/wp-content\/uploads\/2012\/05\/P1030740-1024x768.jpg 1024w, https:\/\/www.thelins.se\/lisa\/blog\/wp-content\/uploads\/2012\/05\/P1030740-100x75.jpg 100w, https:\/\/www.thelins.se\/lisa\/blog\/wp-content\/uploads\/2012\/05\/P1030740-150x112.jpg 150w\" sizes=\"auto, (max-width: 300px) 100vw, 300px\" \/><\/a><\/p>\n<p>N\u00e4r alla hade kommit s\u00e5 gjorde vi egna pizzor. Det fanns massor av p\u00e5l\u00e4gg att v\u00e4lja p\u00e5.<\/p>\n<p><a href=\"https:\/\/www.thelins.se\/lisa\/blog\/wp-content\/uploads\/2012\/05\/P1030742.jpg\"><img loading=\"lazy\" decoding=\"async\" class=\"aligncenter size-medium wp-image-1574\" title=\"P1030742\" src=\"https:\/\/www.thelins.se\/lisa\/blog\/wp-content\/uploads\/2012\/05\/P1030742-300x225.jpg\" alt=\"\" width=\"300\" height=\"225\" srcset=\"https:\/\/www.thelins.se\/lisa\/blog\/wp-content\/uploads\/2012\/05\/P1030742-300x225.jpg 300w, https:\/\/www.thelins.se\/lisa\/blog\/wp-content\/uploads\/2012\/05\/P1030742-1024x768.jpg 1024w, https:\/\/www.thelins.se\/lisa\/blog\/wp-content\/uploads\/2012\/05\/P1030742-100x75.jpg 100w, https:\/\/www.thelins.se\/lisa\/blog\/wp-content\/uploads\/2012\/05\/P1030742-150x112.jpg 150w\" sizes=\"auto, (max-width: 300px) 100vw, 300px\" \/><\/a><\/p>\n<p>Efter maten s\u00e5 fick vi t\u00e5rta. Jag fick bl\u00e5sa ut alla ljusen, f\u00f6r det g\u00f6r man n\u00e4r man fyller \u00e5r.<\/p>\n<p><a href=\"https:\/\/www.thelins.se\/lisa\/blog\/wp-content\/uploads\/2012\/05\/P1030746.jpg\"><img loading=\"lazy\" decoding=\"async\" class=\"aligncenter size-medium wp-image-1575\" title=\"P1030746\" src=\"https:\/\/www.thelins.se\/lisa\/blog\/wp-content\/uploads\/2012\/05\/P1030746-300x225.jpg\" alt=\"\" width=\"300\" height=\"225\" srcset=\"https:\/\/www.thelins.se\/lisa\/blog\/wp-content\/uploads\/2012\/05\/P1030746-300x225.jpg 300w, https:\/\/www.thelins.se\/lisa\/blog\/wp-content\/uploads\/2012\/05\/P1030746-1024x768.jpg 1024w, https:\/\/www.thelins.se\/lisa\/blog\/wp-content\/uploads\/2012\/05\/P1030746-100x75.jpg 100w, https:\/\/www.thelins.se\/lisa\/blog\/wp-content\/uploads\/2012\/05\/P1030746-150x112.jpg 150w\" sizes=\"auto, (max-width: 300px) 100vw, 300px\" \/><\/a><\/p>\n<p>Sedan \u00e5t vi t\u00e5rta och mina kompisar sj\u00f6ng en fin s\u00e5ng.<\/p>\n<p><a href=\"https:\/\/www.thelins.se\/lisa\/blog\/wp-content\/uploads\/2012\/05\/P1030750.jpg\"><img loading=\"lazy\" decoding=\"async\" class=\"aligncenter size-medium wp-image-1576\" title=\"P1030750\" src=\"https:\/\/www.thelins.se\/lisa\/blog\/wp-content\/uploads\/2012\/05\/P1030750-300x225.jpg\" alt=\"\" width=\"300\" height=\"225\" srcset=\"https:\/\/www.thelins.se\/lisa\/blog\/wp-content\/uploads\/2012\/05\/P1030750-300x225.jpg 300w, https:\/\/www.thelins.se\/lisa\/blog\/wp-content\/uploads\/2012\/05\/P1030750-1024x768.jpg 1024w, https:\/\/www.thelins.se\/lisa\/blog\/wp-content\/uploads\/2012\/05\/P1030750-100x75.jpg 100w, https:\/\/www.thelins.se\/lisa\/blog\/wp-content\/uploads\/2012\/05\/P1030750-150x112.jpg 150w\" sizes=\"auto, (max-width: 300px) 100vw, 300px\" \/><\/a><\/p>\n<p>N\u00e4r vi hade \u00e4tit s\u00e5 lekte vi. Vi \u00e5kte rutchkana, hoppade p\u00e5 studsmattan och busade i soffan. Hur kul som helst!<\/p>\n<p><a href=\"https:\/\/www.thelins.se\/lisa\/blog\/wp-content\/uploads\/2012\/05\/P1030753.jpg\"><img loading=\"lazy\" decoding=\"async\" class=\"aligncenter size-medium wp-image-1577\" title=\"P1030753\" src=\"https:\/\/www.thelins.se\/lisa\/blog\/wp-content\/uploads\/2012\/05\/P1030753-300x225.jpg\" alt=\"\" width=\"300\" height=\"225\" srcset=\"https:\/\/www.thelins.se\/lisa\/blog\/wp-content\/uploads\/2012\/05\/P1030753-300x225.jpg 300w, https:\/\/www.thelins.se\/lisa\/blog\/wp-content\/uploads\/2012\/05\/P1030753-1024x768.jpg 1024w, https:\/\/www.thelins.se\/lisa\/blog\/wp-content\/uploads\/2012\/05\/P1030753-100x75.jpg 100w, https:\/\/www.thelins.se\/lisa\/blog\/wp-content\/uploads\/2012\/05\/P1030753-150x112.jpg 150w\" sizes=\"auto, (max-width: 300px) 100vw, 300px\" \/><\/a><\/p>\n<p>Innan alla kompisar skulle g\u00e5 hem s\u00e5 hade vi fiskedamm ocks\u00e5. Det var kul. Alla fick var sin strut med godis och en studsboll!<\/p>\n<p><a href=\"https:\/\/www.thelins.se\/lisa\/blog\/wp-content\/uploads\/2012\/05\/P1030755.jpg\"><img loading=\"lazy\" decoding=\"async\" class=\"aligncenter size-medium wp-image-1578\" title=\"P1030755\" src=\"https:\/\/www.thelins.se\/lisa\/blog\/wp-content\/uploads\/2012\/05\/P1030755-300x225.jpg\" alt=\"\" width=\"300\" height=\"225\" srcset=\"https:\/\/www.thelins.se\/lisa\/blog\/wp-content\/uploads\/2012\/05\/P1030755-300x225.jpg 300w, https:\/\/www.thelins.se\/lisa\/blog\/wp-content\/uploads\/2012\/05\/P1030755-1024x768.jpg 1024w, https:\/\/www.thelins.se\/lisa\/blog\/wp-content\/uploads\/2012\/05\/P1030755-100x75.jpg 100w, https:\/\/www.thelins.se\/lisa\/blog\/wp-content\/uploads\/2012\/05\/P1030755-150x112.jpg 150w\" sizes=\"auto, (max-width: 300px) 100vw, 300px\" \/><\/a><\/p>\n<p>\/L<\/p>\n","protected":false},"excerpt":{"rendered":"<p>Hej alla, Sedan ett par veckor tillbaka s\u00e5 \u00e4r jag fyra \u00e5r! Jag har haft kalas, barnkalas och jag fick till och med presenter p\u00e5 pappas kalas. P\u00e5 mitt barnkalas kom Melvin f\u00f6rst. Jag fick ett stort paket av honom. Sedan lekte vi alla med balonger p\u00e5 \u00f6verv\u00e5ningen. Vi kastade ner dem f\u00f6r trappan och&hellip;<\/p>\n","protected":false},"author":2,"featured_media":0,"comment_status":"closed","ping_status":"closed","sticky":false,"template":"","format":"standard","meta":{"footnotes":""},"categories":[1],"tags":[],"class_list":["post-1570","post","type-post","status-publish","format-standard","hentry","category-uncategorized"],"_links":{"self":[{"href":"https:\/\/www.thelins.se\/lisa\/blog\/wp-json\/wp\/v2\/posts\/1570","targetHints":{"allow":["GET"]}}],"collection":[{"href":"https:\/\/www.thelins.se\/lisa\/blog\/wp-json\/wp\/v2\/posts"}],"about":[{"href":"https:\/\/www.thelins.se\/lisa\/blog\/wp-json\/wp\/v2\/types\/post"}],"author":[{"embeddable":true,"href":"https:\/\/www.thelins.se\/lisa\/blog\/wp-json\/wp\/v2\/users\/2"}],"replies":[{"embeddable":true,"href":"https:\/\/www.thelins.se\/lisa\/blog\/wp-json\/wp\/v2\/comments?post=1570"}],"version-history":[{"count":4,"href":"https:\/\/www.thelins.se\/lisa\/blog\/wp-json\/wp\/v2\/posts\/1570\/revisions"}],"predecessor-version":[{"id":1587,"href":"https:\/\/www.thelins.se\/lisa\/blog\/wp-json\/wp\/v2\/posts\/1570\/revisions\/1587"}],"wp:attachment":[{"href":"https:\/\/www.thelins.se\/lisa\/blog\/wp-json\/wp\/v2\/media?parent=1570"}],"wp:term":[{"taxonomy":"category","embeddable":true,"href":"https:\/\/www.thelins.se\/lisa\/blog\/wp-json\/wp\/v2\/categories?post=1570"},{"taxonomy":"post_tag","embeddable":true,"href":"https:\/\/www.thelins.se\/lisa\/blog\/wp-json\/wp\/v2\/tags?post=1570"}],"curies":[{"name":"wp","href":"https:\/\/api.w.org\/{rel}","templated":true}]}}