{"id":1537,"date":"2012-03-27T18:13:48","date_gmt":"2012-03-27T16:13:48","guid":{"rendered":"http:\/\/www.thelins.se\/lisa\/blog\/?p=1537"},"modified":"2012-03-27T18:13:48","modified_gmt":"2012-03-27T16:13:48","slug":"aka-kana-med-alma","status":"publish","type":"post","link":"https:\/\/www.thelins.se\/lisa\/blog\/2012\/03\/aka-kana-med-alma\/","title":{"rendered":"\u00c5ka kana med Alma"},"content":{"rendered":"<p>Hej alla,<\/p>\n<p>Det var ett tag sedan jag skrev h\u00e4r. Men nu \u00e4r det dags igen. Jag t\u00e4nkte b\u00f6rja med ett kort p\u00e5 mig och min kompis Alma. Vi \u00e4r ganska stora nu, men \u00e4n s\u00e5 l\u00e4nge f\u00e5r vi plats tillsammans p\u00e5 min rutchkana!<\/p>\n<p><a href=\"https:\/\/www.thelins.se\/lisa\/blog\/wp-content\/uploads\/2012\/03\/IMAG1817.jpg\"><img loading=\"lazy\" decoding=\"async\" class=\"aligncenter size-medium wp-image-1538\" title=\"IMAG1817\" src=\"https:\/\/www.thelins.se\/lisa\/blog\/wp-content\/uploads\/2012\/03\/IMAG1817-179x300.jpg\" alt=\"\" width=\"179\" height=\"300\" srcset=\"https:\/\/www.thelins.se\/lisa\/blog\/wp-content\/uploads\/2012\/03\/IMAG1817-179x300.jpg 179w, https:\/\/www.thelins.se\/lisa\/blog\/wp-content\/uploads\/2012\/03\/IMAG1817-613x1024.jpg 613w, https:\/\/www.thelins.se\/lisa\/blog\/wp-content\/uploads\/2012\/03\/IMAG1817-59x100.jpg 59w, https:\/\/www.thelins.se\/lisa\/blog\/wp-content\/uploads\/2012\/03\/IMAG1817-89x150.jpg 89w, https:\/\/www.thelins.se\/lisa\/blog\/wp-content\/uploads\/2012\/03\/IMAG1817.jpg 1552w\" sizes=\"auto, (max-width: 179px) 100vw, 179px\" \/><\/a><\/p>\n<p>&nbsp;<\/p>\n<p>\/L<\/p>\n","protected":false},"excerpt":{"rendered":"<p>Hej alla, Det var ett tag sedan jag skrev h\u00e4r. Men nu \u00e4r det dags igen. Jag t\u00e4nkte b\u00f6rja med ett kort p\u00e5 mig och min kompis Alma. Vi \u00e4r ganska stora nu, men \u00e4n s\u00e5 l\u00e4nge f\u00e5r vi plats tillsammans p\u00e5 min rutchkana! &nbsp; \/L<\/p>\n","protected":false},"author":2,"featured_media":0,"comment_status":"closed","ping_status":"closed","sticky":false,"template":"","format":"standard","meta":{"footnotes":""},"categories":[1],"tags":[],"class_list":["post-1537","post","type-post","status-publish","format-standard","hentry","category-uncategorized"],"_links":{"self":[{"href":"https:\/\/www.thelins.se\/lisa\/blog\/wp-json\/wp\/v2\/posts\/1537","targetHints":{"allow":["GET"]}}],"collection":[{"href":"https:\/\/www.thelins.se\/lisa\/blog\/wp-json\/wp\/v2\/posts"}],"about":[{"href":"https:\/\/www.thelins.se\/lisa\/blog\/wp-json\/wp\/v2\/types\/post"}],"author":[{"embeddable":true,"href":"https:\/\/www.thelins.se\/lisa\/blog\/wp-json\/wp\/v2\/users\/2"}],"replies":[{"embeddable":true,"href":"https:\/\/www.thelins.se\/lisa\/blog\/wp-json\/wp\/v2\/comments?post=1537"}],"version-history":[{"count":2,"href":"https:\/\/www.thelins.se\/lisa\/blog\/wp-json\/wp\/v2\/posts\/1537\/revisions"}],"predecessor-version":[{"id":1556,"href":"https:\/\/www.thelins.se\/lisa\/blog\/wp-json\/wp\/v2\/posts\/1537\/revisions\/1556"}],"wp:attachment":[{"href":"https:\/\/www.thelins.se\/lisa\/blog\/wp-json\/wp\/v2\/media?parent=1537"}],"wp:term":[{"taxonomy":"category","embeddable":true,"href":"https:\/\/www.thelins.se\/lisa\/blog\/wp-json\/wp\/v2\/categories?post=1537"},{"taxonomy":"post_tag","embeddable":true,"href":"https:\/\/www.thelins.se\/lisa\/blog\/wp-json\/wp\/v2\/tags?post=1537"}],"curies":[{"name":"wp","href":"https:\/\/api.w.org\/{rel}","templated":true}]}}