{"id":1529,"date":"2012-04-16T18:21:09","date_gmt":"2012-04-16T16:21:09","guid":{"rendered":"http:\/\/www.thelins.se\/lisa\/blog\/?p=1529"},"modified":"2012-03-27T18:21:46","modified_gmt":"2012-03-27T16:21:46","slug":"gunga-hogst","status":"publish","type":"post","link":"https:\/\/www.thelins.se\/lisa\/blog\/2012\/04\/gunga-hogst\/","title":{"rendered":"Gunga H\u00f6gst!"},"content":{"rendered":"<p>Hej alla,<\/p>\n<p>Om man tar s\u00e5 h\u00e4r mycket fart&#8230;<\/p>\n<p><a href=\"https:\/\/www.thelins.se\/lisa\/blog\/wp-content\/uploads\/2012\/03\/12030071.jpg\"><img loading=\"lazy\" decoding=\"async\" class=\"aligncenter size-medium wp-image-1531\" title=\"12030071\" src=\"https:\/\/www.thelins.se\/lisa\/blog\/wp-content\/uploads\/2012\/03\/12030071-168x300.jpg\" alt=\"\" width=\"168\" height=\"300\" srcset=\"https:\/\/www.thelins.se\/lisa\/blog\/wp-content\/uploads\/2012\/03\/12030071-168x300.jpg 168w, https:\/\/www.thelins.se\/lisa\/blog\/wp-content\/uploads\/2012\/03\/12030071-576x1024.jpg 576w, https:\/\/www.thelins.se\/lisa\/blog\/wp-content\/uploads\/2012\/03\/12030071-56x100.jpg 56w, https:\/\/www.thelins.se\/lisa\/blog\/wp-content\/uploads\/2012\/03\/12030071-84x150.jpg 84w\" sizes=\"auto, (max-width: 168px) 100vw, 168px\" \/><\/a><\/p>\n<p>&#8230;s\u00e5 kan man gunga s\u00e5h\u00e4r h\u00f6gt.<\/p>\n<p><a href=\"https:\/\/www.thelins.se\/lisa\/blog\/wp-content\/uploads\/2012\/03\/12030070.jpg\"><img loading=\"lazy\" decoding=\"async\" class=\"aligncenter size-medium wp-image-1530\" title=\"12030070\" src=\"https:\/\/www.thelins.se\/lisa\/blog\/wp-content\/uploads\/2012\/03\/12030070-168x300.jpg\" alt=\"\" width=\"168\" height=\"300\" srcset=\"https:\/\/www.thelins.se\/lisa\/blog\/wp-content\/uploads\/2012\/03\/12030070-168x300.jpg 168w, https:\/\/www.thelins.se\/lisa\/blog\/wp-content\/uploads\/2012\/03\/12030070-576x1024.jpg 576w, https:\/\/www.thelins.se\/lisa\/blog\/wp-content\/uploads\/2012\/03\/12030070-56x100.jpg 56w, https:\/\/www.thelins.se\/lisa\/blog\/wp-content\/uploads\/2012\/03\/12030070-84x150.jpg 84w\" sizes=\"auto, (max-width: 168px) 100vw, 168px\" \/><\/a><\/p>\n<p>D\u00e5 kittlas det i magen!<\/p>\n<p>\/L<\/p>\n","protected":false},"excerpt":{"rendered":"<p>Hej alla, Om man tar s\u00e5 h\u00e4r mycket fart&#8230; &#8230;s\u00e5 kan man gunga s\u00e5h\u00e4r h\u00f6gt. D\u00e5 kittlas det i magen! \/L<\/p>\n","protected":false},"author":2,"featured_media":0,"comment_status":"closed","ping_status":"closed","sticky":false,"template":"","format":"standard","meta":{"footnotes":""},"categories":[1],"tags":[],"class_list":["post-1529","post","type-post","status-publish","format-standard","hentry","category-uncategorized"],"_links":{"self":[{"href":"https:\/\/www.thelins.se\/lisa\/blog\/wp-json\/wp\/v2\/posts\/1529","targetHints":{"allow":["GET"]}}],"collection":[{"href":"https:\/\/www.thelins.se\/lisa\/blog\/wp-json\/wp\/v2\/posts"}],"about":[{"href":"https:\/\/www.thelins.se\/lisa\/blog\/wp-json\/wp\/v2\/types\/post"}],"author":[{"embeddable":true,"href":"https:\/\/www.thelins.se\/lisa\/blog\/wp-json\/wp\/v2\/users\/2"}],"replies":[{"embeddable":true,"href":"https:\/\/www.thelins.se\/lisa\/blog\/wp-json\/wp\/v2\/comments?post=1529"}],"version-history":[{"count":3,"href":"https:\/\/www.thelins.se\/lisa\/blog\/wp-json\/wp\/v2\/posts\/1529\/revisions"}],"predecessor-version":[{"id":1562,"href":"https:\/\/www.thelins.se\/lisa\/blog\/wp-json\/wp\/v2\/posts\/1529\/revisions\/1562"}],"wp:attachment":[{"href":"https:\/\/www.thelins.se\/lisa\/blog\/wp-json\/wp\/v2\/media?parent=1529"}],"wp:term":[{"taxonomy":"category","embeddable":true,"href":"https:\/\/www.thelins.se\/lisa\/blog\/wp-json\/wp\/v2\/categories?post=1529"},{"taxonomy":"post_tag","embeddable":true,"href":"https:\/\/www.thelins.se\/lisa\/blog\/wp-json\/wp\/v2\/tags?post=1529"}],"curies":[{"name":"wp","href":"https:\/\/api.w.org\/{rel}","templated":true}]}}