{"id":1519,"date":"2012-04-29T18:24:51","date_gmt":"2012-04-29T16:24:51","guid":{"rendered":"http:\/\/www.thelins.se\/lisa\/blog\/?p=1519"},"modified":"2012-03-27T18:25:49","modified_gmt":"2012-03-27T16:25:49","slug":"baka-muffins","status":"publish","type":"post","link":"https:\/\/www.thelins.se\/lisa\/blog\/2012\/04\/baka-muffins\/","title":{"rendered":"Baka Muffins"},"content":{"rendered":"<p>Hej alla,<\/p>\n<p>Ibland bakar pappa och jag. Det \u00e4r bra, f\u00f6r pappa \u00e4r inte alltid med, s\u00e5 man hinner g\u00f6ra det man vill. Som att smaka p\u00e5 smeten.<\/p>\n<p><a href=\"https:\/\/www.thelins.se\/lisa\/blog\/wp-content\/uploads\/2012\/03\/12030062.jpg\"><img loading=\"lazy\" decoding=\"async\" class=\"aligncenter size-medium wp-image-1521\" title=\"12030062\" src=\"https:\/\/www.thelins.se\/lisa\/blog\/wp-content\/uploads\/2012\/03\/12030062-168x300.jpg\" alt=\"\" width=\"168\" height=\"300\" srcset=\"https:\/\/www.thelins.se\/lisa\/blog\/wp-content\/uploads\/2012\/03\/12030062-168x300.jpg 168w, https:\/\/www.thelins.se\/lisa\/blog\/wp-content\/uploads\/2012\/03\/12030062-576x1024.jpg 576w, https:\/\/www.thelins.se\/lisa\/blog\/wp-content\/uploads\/2012\/03\/12030062-56x100.jpg 56w, https:\/\/www.thelins.se\/lisa\/blog\/wp-content\/uploads\/2012\/03\/12030062-84x150.jpg 84w\" sizes=\"auto, (max-width: 168px) 100vw, 168px\" \/><\/a><\/p>\n<p>N\u00e4r vi bakade muffins s\u00e5 skulle vi baka 8 stycken, men det blev bara fyra. Men s\u00e5 mycket \u00e5t inte jag!<\/p>\n<p>\/L<\/p>\n","protected":false},"excerpt":{"rendered":"<p>Hej alla, Ibland bakar pappa och jag. Det \u00e4r bra, f\u00f6r pappa \u00e4r inte alltid med, s\u00e5 man hinner g\u00f6ra det man vill. Som att smaka p\u00e5 smeten. N\u00e4r vi bakade muffins s\u00e5 skulle vi baka 8 stycken, men det blev bara fyra. Men s\u00e5 mycket \u00e5t inte jag! \/L<\/p>\n","protected":false},"author":2,"featured_media":0,"comment_status":"closed","ping_status":"closed","sticky":false,"template":"","format":"standard","meta":{"footnotes":""},"categories":[1],"tags":[],"class_list":["post-1519","post","type-post","status-publish","format-standard","hentry","category-uncategorized"],"_links":{"self":[{"href":"https:\/\/www.thelins.se\/lisa\/blog\/wp-json\/wp\/v2\/posts\/1519","targetHints":{"allow":["GET"]}}],"collection":[{"href":"https:\/\/www.thelins.se\/lisa\/blog\/wp-json\/wp\/v2\/posts"}],"about":[{"href":"https:\/\/www.thelins.se\/lisa\/blog\/wp-json\/wp\/v2\/types\/post"}],"author":[{"embeddable":true,"href":"https:\/\/www.thelins.se\/lisa\/blog\/wp-json\/wp\/v2\/users\/2"}],"replies":[{"embeddable":true,"href":"https:\/\/www.thelins.se\/lisa\/blog\/wp-json\/wp\/v2\/comments?post=1519"}],"version-history":[{"count":2,"href":"https:\/\/www.thelins.se\/lisa\/blog\/wp-json\/wp\/v2\/posts\/1519\/revisions"}],"predecessor-version":[{"id":1567,"href":"https:\/\/www.thelins.se\/lisa\/blog\/wp-json\/wp\/v2\/posts\/1519\/revisions\/1567"}],"wp:attachment":[{"href":"https:\/\/www.thelins.se\/lisa\/blog\/wp-json\/wp\/v2\/media?parent=1519"}],"wp:term":[{"taxonomy":"category","embeddable":true,"href":"https:\/\/www.thelins.se\/lisa\/blog\/wp-json\/wp\/v2\/categories?post=1519"},{"taxonomy":"post_tag","embeddable":true,"href":"https:\/\/www.thelins.se\/lisa\/blog\/wp-json\/wp\/v2\/tags?post=1519"}],"curies":[{"name":"wp","href":"https:\/\/api.w.org\/{rel}","templated":true}]}}