{"id":1501,"date":"2012-01-27T09:30:42","date_gmt":"2012-01-27T08:30:42","guid":{"rendered":"http:\/\/www.thelins.se\/lisa\/blog\/?p=1501"},"modified":"2012-01-27T09:30:42","modified_gmt":"2012-01-27T08:30:42","slug":"kortfattat-over-vad-som-hant-sedan-sist","status":"publish","type":"post","link":"https:\/\/www.thelins.se\/lisa\/blog\/2012\/01\/kortfattat-over-vad-som-hant-sedan-sist\/","title":{"rendered":"Kortfattat \u00f6ver vad som h\u00e4nt sedan sist&#8230;"},"content":{"rendered":"<p><a href=\"https:\/\/www.thelins.se\/lisa\/blog\/wp-content\/uploads\/2012\/01\/P1030631.jpg\"><\/a>Hej alla,<\/p>\n<p>Det var ett l\u00e5\u00e5\u00e5ngt tag sedan sist som mamma bloggade om mig men nu har jag \u00e4ntligen f\u00e5tt henne att g\u00f6ra det.<\/p>\n<p>H\u00e4r kommer lite kortfattat \u00f6ver vad som h\u00e4nt sedan sist.<\/p>\n<p>Jag har varit med mamma, pappa, mormor, morfar, farmor, farfar och Patrik p\u00e5 Liseberg.<\/p>\n<p><img loading=\"lazy\" decoding=\"async\" class=\"aligncenter size-medium wp-image-1479\" title=\"P1030631\" src=\"https:\/\/www.thelins.se\/lisa\/blog\/wp-content\/uploads\/2012\/01\/P1030631-300x225.jpg\" alt=\"\" width=\"300\" height=\"225\" srcset=\"https:\/\/www.thelins.se\/lisa\/blog\/wp-content\/uploads\/2012\/01\/P1030631-300x225.jpg 300w, https:\/\/www.thelins.se\/lisa\/blog\/wp-content\/uploads\/2012\/01\/P1030631-1024x768.jpg 1024w, https:\/\/www.thelins.se\/lisa\/blog\/wp-content\/uploads\/2012\/01\/P1030631-100x75.jpg 100w, https:\/\/www.thelins.se\/lisa\/blog\/wp-content\/uploads\/2012\/01\/P1030631-150x112.jpg 150w\" sizes=\"auto, (max-width: 300px) 100vw, 300px\" \/><\/p>\n<p>De hade v\u00e4ldigt god mat d\u00e4r.<\/p>\n<p><a href=\"https:\/\/www.thelins.se\/lisa\/blog\/wp-content\/uploads\/2012\/01\/P1030635.jpg\"><img loading=\"lazy\" decoding=\"async\" class=\"aligncenter size-medium wp-image-1480\" title=\"P1030635\" src=\"https:\/\/www.thelins.se\/lisa\/blog\/wp-content\/uploads\/2012\/01\/P1030635-300x225.jpg\" alt=\"\" width=\"300\" height=\"225\" srcset=\"https:\/\/www.thelins.se\/lisa\/blog\/wp-content\/uploads\/2012\/01\/P1030635-300x225.jpg 300w, https:\/\/www.thelins.se\/lisa\/blog\/wp-content\/uploads\/2012\/01\/P1030635-1024x768.jpg 1024w, https:\/\/www.thelins.se\/lisa\/blog\/wp-content\/uploads\/2012\/01\/P1030635-100x75.jpg 100w, https:\/\/www.thelins.se\/lisa\/blog\/wp-content\/uploads\/2012\/01\/P1030635-150x112.jpg 150w\" sizes=\"auto, (max-width: 300px) 100vw, 300px\" \/><\/a><\/p>\n<p>De har ju \u00e4ven en del djur d\u00e4r som jag tittade p\u00e5.<\/p>\n<p><a href=\"https:\/\/www.thelins.se\/lisa\/blog\/wp-content\/uploads\/2012\/01\/P1030644.jpg\"><img loading=\"lazy\" decoding=\"async\" class=\"aligncenter size-medium wp-image-1481\" title=\"P1030644\" src=\"https:\/\/www.thelins.se\/lisa\/blog\/wp-content\/uploads\/2012\/01\/P1030644-300x225.jpg\" alt=\"\" width=\"300\" height=\"225\" srcset=\"https:\/\/www.thelins.se\/lisa\/blog\/wp-content\/uploads\/2012\/01\/P1030644-300x225.jpg 300w, https:\/\/www.thelins.se\/lisa\/blog\/wp-content\/uploads\/2012\/01\/P1030644-1024x768.jpg 1024w, https:\/\/www.thelins.se\/lisa\/blog\/wp-content\/uploads\/2012\/01\/P1030644-100x75.jpg 100w, https:\/\/www.thelins.se\/lisa\/blog\/wp-content\/uploads\/2012\/01\/P1030644-150x112.jpg 150w\" sizes=\"auto, (max-width: 300px) 100vw, 300px\" \/><\/a><\/p>\n<p>Sedan \u00e5kte jag och pappa i n\u00e5gra slags cyklar som s\u00e5g ut som helikoptrar. Det var kul. Jag ville aldrig sluta \u00e5ka s\u00e5 tillslut fick Patrik \u00e5ka med mig n\u00e4r jag tr\u00f6ttnat.<\/p>\n<p><a href=\"https:\/\/www.thelins.se\/lisa\/blog\/wp-content\/uploads\/2012\/01\/P1030651.jpg\"><img loading=\"lazy\" decoding=\"async\" class=\"aligncenter size-medium wp-image-1482\" title=\"P1030651\" src=\"https:\/\/www.thelins.se\/lisa\/blog\/wp-content\/uploads\/2012\/01\/P1030651-300x225.jpg\" alt=\"\" width=\"300\" height=\"225\" srcset=\"https:\/\/www.thelins.se\/lisa\/blog\/wp-content\/uploads\/2012\/01\/P1030651-300x225.jpg 300w, https:\/\/www.thelins.se\/lisa\/blog\/wp-content\/uploads\/2012\/01\/P1030651-1024x768.jpg 1024w, https:\/\/www.thelins.se\/lisa\/blog\/wp-content\/uploads\/2012\/01\/P1030651-100x75.jpg 100w, https:\/\/www.thelins.se\/lisa\/blog\/wp-content\/uploads\/2012\/01\/P1030651-150x112.jpg 150w\" sizes=\"auto, (max-width: 300px) 100vw, 300px\" \/><\/a><\/p>\n<p>Jag v\u00e5gade vara bland de andra barnen n\u00e4r det var Lucia p\u00e5 f\u00f6rskolan men jag v\u00e5gade inte sjunga&#8230;<\/p>\n<p><a href=\"https:\/\/www.thelins.se\/lisa\/blog\/wp-content\/uploads\/2012\/01\/P1030656.jpg\"><img loading=\"lazy\" decoding=\"async\" class=\"aligncenter size-medium wp-image-1483\" title=\"P1030656\" src=\"https:\/\/www.thelins.se\/lisa\/blog\/wp-content\/uploads\/2012\/01\/P1030656-300x225.jpg\" alt=\"\" width=\"300\" height=\"225\" srcset=\"https:\/\/www.thelins.se\/lisa\/blog\/wp-content\/uploads\/2012\/01\/P1030656-300x225.jpg 300w, https:\/\/www.thelins.se\/lisa\/blog\/wp-content\/uploads\/2012\/01\/P1030656-1024x768.jpg 1024w, https:\/\/www.thelins.se\/lisa\/blog\/wp-content\/uploads\/2012\/01\/P1030656-100x75.jpg 100w, https:\/\/www.thelins.se\/lisa\/blog\/wp-content\/uploads\/2012\/01\/P1030656-150x112.jpg 150w\" sizes=\"auto, (max-width: 300px) 100vw, 300px\" \/><\/a><\/p>\n<p>Sedan gjorde jag och mamma lite julgodis.<\/p>\n<p><a href=\"https:\/\/www.thelins.se\/lisa\/blog\/wp-content\/uploads\/2012\/01\/IMAG1477.jpg\"><img loading=\"lazy\" decoding=\"async\" class=\"aligncenter size-medium wp-image-1489\" title=\"IMAG1477\" src=\"https:\/\/www.thelins.se\/lisa\/blog\/wp-content\/uploads\/2012\/01\/IMAG1477-179x300.jpg\" alt=\"\" width=\"179\" height=\"300\" srcset=\"https:\/\/www.thelins.se\/lisa\/blog\/wp-content\/uploads\/2012\/01\/IMAG1477-179x300.jpg 179w, https:\/\/www.thelins.se\/lisa\/blog\/wp-content\/uploads\/2012\/01\/IMAG1477-613x1024.jpg 613w, https:\/\/www.thelins.se\/lisa\/blog\/wp-content\/uploads\/2012\/01\/IMAG1477-59x100.jpg 59w, https:\/\/www.thelins.se\/lisa\/blog\/wp-content\/uploads\/2012\/01\/IMAG1477-89x150.jpg 89w, https:\/\/www.thelins.se\/lisa\/blog\/wp-content\/uploads\/2012\/01\/IMAG1477.jpg 1552w\" sizes=\"auto, (max-width: 179px) 100vw, 179px\" \/><\/a><\/p>\n<p>Jag gjorde en gris och en stav att h\u00e4nga i granen med lite hj\u00e4lp av mamma.<\/p>\n<p><a href=\"https:\/\/www.thelins.se\/lisa\/blog\/wp-content\/uploads\/2012\/01\/IMAG1479.jpg\"><img loading=\"lazy\" decoding=\"async\" class=\"aligncenter size-medium wp-image-1490\" title=\"IMAG1479\" src=\"https:\/\/www.thelins.se\/lisa\/blog\/wp-content\/uploads\/2012\/01\/IMAG1479-179x300.jpg\" alt=\"\" width=\"179\" height=\"300\" srcset=\"https:\/\/www.thelins.se\/lisa\/blog\/wp-content\/uploads\/2012\/01\/IMAG1479-179x300.jpg 179w, https:\/\/www.thelins.se\/lisa\/blog\/wp-content\/uploads\/2012\/01\/IMAG1479-613x1024.jpg 613w, https:\/\/www.thelins.se\/lisa\/blog\/wp-content\/uploads\/2012\/01\/IMAG1479-59x100.jpg 59w, https:\/\/www.thelins.se\/lisa\/blog\/wp-content\/uploads\/2012\/01\/IMAG1479-89x150.jpg 89w, https:\/\/www.thelins.se\/lisa\/blog\/wp-content\/uploads\/2012\/01\/IMAG1479.jpg 1552w\" sizes=\"auto, (max-width: 179px) 100vw, 179px\" \/><\/a><\/p>\n<p>Sedan var det dags att kl\u00e4 min gran. Den blev v\u00e4ldigt fin tycker jag.<\/p>\n<p><a href=\"https:\/\/www.thelins.se\/lisa\/blog\/wp-content\/uploads\/2012\/01\/IMAG1517.jpg\"><img loading=\"lazy\" decoding=\"async\" class=\"aligncenter size-medium wp-image-1491\" title=\"IMAG1517\" src=\"https:\/\/www.thelins.se\/lisa\/blog\/wp-content\/uploads\/2012\/01\/IMAG1517-179x300.jpg\" alt=\"\" width=\"179\" height=\"300\" srcset=\"https:\/\/www.thelins.se\/lisa\/blog\/wp-content\/uploads\/2012\/01\/IMAG1517-179x300.jpg 179w, https:\/\/www.thelins.se\/lisa\/blog\/wp-content\/uploads\/2012\/01\/IMAG1517-613x1024.jpg 613w, https:\/\/www.thelins.se\/lisa\/blog\/wp-content\/uploads\/2012\/01\/IMAG1517-59x100.jpg 59w, https:\/\/www.thelins.se\/lisa\/blog\/wp-content\/uploads\/2012\/01\/IMAG1517-89x150.jpg 89w, https:\/\/www.thelins.se\/lisa\/blog\/wp-content\/uploads\/2012\/01\/IMAG1517.jpg 1552w\" sizes=\"auto, (max-width: 179px) 100vw, 179px\" \/><\/a><\/p>\n","protected":false},"excerpt":{"rendered":"<p>Hej alla, Det var ett l\u00e5\u00e5\u00e5ngt tag sedan sist som mamma bloggade om mig men nu har jag \u00e4ntligen f\u00e5tt henne att g\u00f6ra det. H\u00e4r kommer lite kortfattat \u00f6ver vad som h\u00e4nt sedan sist. Jag har varit med mamma, pappa, mormor, morfar, farmor, farfar och Patrik p\u00e5 Liseberg. De hade v\u00e4ldigt god mat d\u00e4r. De&hellip;<\/p>\n","protected":false},"author":2,"featured_media":0,"comment_status":"closed","ping_status":"closed","sticky":false,"template":"","format":"standard","meta":{"footnotes":""},"categories":[1],"tags":[],"class_list":["post-1501","post","type-post","status-publish","format-standard","hentry","category-uncategorized"],"_links":{"self":[{"href":"https:\/\/www.thelins.se\/lisa\/blog\/wp-json\/wp\/v2\/posts\/1501","targetHints":{"allow":["GET"]}}],"collection":[{"href":"https:\/\/www.thelins.se\/lisa\/blog\/wp-json\/wp\/v2\/posts"}],"about":[{"href":"https:\/\/www.thelins.se\/lisa\/blog\/wp-json\/wp\/v2\/types\/post"}],"author":[{"embeddable":true,"href":"https:\/\/www.thelins.se\/lisa\/blog\/wp-json\/wp\/v2\/users\/2"}],"replies":[{"embeddable":true,"href":"https:\/\/www.thelins.se\/lisa\/blog\/wp-json\/wp\/v2\/comments?post=1501"}],"version-history":[{"count":2,"href":"https:\/\/www.thelins.se\/lisa\/blog\/wp-json\/wp\/v2\/posts\/1501\/revisions"}],"predecessor-version":[{"id":1503,"href":"https:\/\/www.thelins.se\/lisa\/blog\/wp-json\/wp\/v2\/posts\/1501\/revisions\/1503"}],"wp:attachment":[{"href":"https:\/\/www.thelins.se\/lisa\/blog\/wp-json\/wp\/v2\/media?parent=1501"}],"wp:term":[{"taxonomy":"category","embeddable":true,"href":"https:\/\/www.thelins.se\/lisa\/blog\/wp-json\/wp\/v2\/categories?post=1501"},{"taxonomy":"post_tag","embeddable":true,"href":"https:\/\/www.thelins.se\/lisa\/blog\/wp-json\/wp\/v2\/tags?post=1501"}],"curies":[{"name":"wp","href":"https:\/\/api.w.org\/{rel}","templated":true}]}}