{"id":1478,"date":"2012-01-27T09:16:02","date_gmt":"2012-01-27T08:16:02","guid":{"rendered":"http:\/\/www.thelins.se\/lisa\/blog\/?p=1478"},"modified":"2012-01-27T09:16:02","modified_gmt":"2012-01-27T08:16:02","slug":"1478","status":"publish","type":"post","link":"https:\/\/www.thelins.se\/lisa\/blog\/2012\/01\/1478\/","title":{"rendered":"Post 1478"},"content":{"rendered":"<p>Sedan var det julafton och Tomten kom. Jag v\u00e5gade till och med ge honom en kram.<\/p>\n<p><a href=\"https:\/\/www.thelins.se\/lisa\/blog\/wp-content\/uploads\/2012\/01\/P1030688.jpg\"><img loading=\"lazy\" decoding=\"async\" class=\"aligncenter size-medium wp-image-1484\" title=\"P1030688\" src=\"https:\/\/www.thelins.se\/lisa\/blog\/wp-content\/uploads\/2012\/01\/P1030688-300x225.jpg\" alt=\"\" width=\"300\" height=\"225\" srcset=\"https:\/\/www.thelins.se\/lisa\/blog\/wp-content\/uploads\/2012\/01\/P1030688-300x225.jpg 300w, https:\/\/www.thelins.se\/lisa\/blog\/wp-content\/uploads\/2012\/01\/P1030688-1024x768.jpg 1024w, https:\/\/www.thelins.se\/lisa\/blog\/wp-content\/uploads\/2012\/01\/P1030688-100x75.jpg 100w, https:\/\/www.thelins.se\/lisa\/blog\/wp-content\/uploads\/2012\/01\/P1030688-150x112.jpg 150w\" sizes=\"auto, (max-width: 300px) 100vw, 300px\" \/><\/a><\/p>\n<p>Tomten hade inte tid att dela ut alla paket s\u00e5 jag och pappa fick hj\u00e4lpas \u00e5t.<\/p>\n<p><a href=\"https:\/\/www.thelins.se\/lisa\/blog\/wp-content\/uploads\/2012\/01\/P1030693.jpg\"><img loading=\"lazy\" decoding=\"async\" class=\"aligncenter size-medium wp-image-1485\" title=\"P1030693\" src=\"https:\/\/www.thelins.se\/lisa\/blog\/wp-content\/uploads\/2012\/01\/P1030693-300x225.jpg\" alt=\"\" width=\"300\" height=\"225\" srcset=\"https:\/\/www.thelins.se\/lisa\/blog\/wp-content\/uploads\/2012\/01\/P1030693-300x225.jpg 300w, https:\/\/www.thelins.se\/lisa\/blog\/wp-content\/uploads\/2012\/01\/P1030693-1024x768.jpg 1024w, https:\/\/www.thelins.se\/lisa\/blog\/wp-content\/uploads\/2012\/01\/P1030693-100x75.jpg 100w, https:\/\/www.thelins.se\/lisa\/blog\/wp-content\/uploads\/2012\/01\/P1030693-150x112.jpg 150w\" sizes=\"auto, (max-width: 300px) 100vw, 300px\" \/><\/a><\/p>\n<p>Jag fick en sparkcykel som jag s\u00e5 g\u00e4rna ville ha.<\/p>\n<p><a href=\"https:\/\/www.thelins.se\/lisa\/blog\/wp-content\/uploads\/2012\/01\/P1030698.jpg\"><img loading=\"lazy\" decoding=\"async\" class=\"aligncenter size-medium wp-image-1486\" title=\"P1030698\" src=\"https:\/\/www.thelins.se\/lisa\/blog\/wp-content\/uploads\/2012\/01\/P1030698-225x300.jpg\" alt=\"\" width=\"225\" height=\"300\" srcset=\"https:\/\/www.thelins.se\/lisa\/blog\/wp-content\/uploads\/2012\/01\/P1030698-225x300.jpg 225w, https:\/\/www.thelins.se\/lisa\/blog\/wp-content\/uploads\/2012\/01\/P1030698-768x1024.jpg 768w, https:\/\/www.thelins.se\/lisa\/blog\/wp-content\/uploads\/2012\/01\/P1030698-75x100.jpg 75w, https:\/\/www.thelins.se\/lisa\/blog\/wp-content\/uploads\/2012\/01\/P1030698-112x150.jpg 112w\" sizes=\"auto, (max-width: 225px) 100vw, 225px\" \/><\/a><\/p>\n<p>Jag fick ocks\u00e5 en prinsesskl\u00e4nning. Jag fick massa mer ocks\u00e5 men jag kan inte visa allt&#8230;<\/p>\n<p><a href=\"https:\/\/www.thelins.se\/lisa\/blog\/wp-content\/uploads\/2012\/01\/P1030703.jpg\"><img loading=\"lazy\" decoding=\"async\" class=\"aligncenter size-medium wp-image-1487\" title=\"P1030703\" src=\"https:\/\/www.thelins.se\/lisa\/blog\/wp-content\/uploads\/2012\/01\/P1030703-225x300.jpg\" alt=\"\" width=\"225\" height=\"300\" srcset=\"https:\/\/www.thelins.se\/lisa\/blog\/wp-content\/uploads\/2012\/01\/P1030703-225x300.jpg 225w, https:\/\/www.thelins.se\/lisa\/blog\/wp-content\/uploads\/2012\/01\/P1030703-768x1024.jpg 768w, https:\/\/www.thelins.se\/lisa\/blog\/wp-content\/uploads\/2012\/01\/P1030703-75x100.jpg 75w, https:\/\/www.thelins.se\/lisa\/blog\/wp-content\/uploads\/2012\/01\/P1030703-112x150.jpg 112w\" sizes=\"auto, (max-width: 225px) 100vw, 225px\" \/><\/a><\/p>\n<p>Sedan kom \u00e4ntligen sn\u00f6n och jag byggde tv\u00e5 fina sn\u00f6gubbar.<\/p>\n<p><a href=\"https:\/\/www.thelins.se\/lisa\/blog\/wp-content\/uploads\/2012\/01\/IMAG1565.jpg\"><img loading=\"lazy\" decoding=\"async\" class=\"aligncenter size-medium wp-image-1492\" title=\"IMAG1565\" src=\"https:\/\/www.thelins.se\/lisa\/blog\/wp-content\/uploads\/2012\/01\/IMAG1565-300x179.jpg\" alt=\"\" width=\"300\" height=\"179\" srcset=\"https:\/\/www.thelins.se\/lisa\/blog\/wp-content\/uploads\/2012\/01\/IMAG1565-300x179.jpg 300w, https:\/\/www.thelins.se\/lisa\/blog\/wp-content\/uploads\/2012\/01\/IMAG1565-1024x613.jpg 1024w, https:\/\/www.thelins.se\/lisa\/blog\/wp-content\/uploads\/2012\/01\/IMAG1565-100x59.jpg 100w, https:\/\/www.thelins.se\/lisa\/blog\/wp-content\/uploads\/2012\/01\/IMAG1565-150x89.jpg 150w\" sizes=\"auto, (max-width: 300px) 100vw, 300px\" \/><\/a><\/p>\n<p>Mamma och pappa och jag har varit p\u00e5 Universeum ocks\u00e5. D\u00e4r fanns det mycket sp\u00e4nnande att titta p\u00e5.<\/p>\n<p><a href=\"https:\/\/www.thelins.se\/lisa\/blog\/wp-content\/uploads\/2012\/01\/IMAG1573.jpg\"><img loading=\"lazy\" decoding=\"async\" class=\"aligncenter size-medium wp-image-1493\" title=\"IMAG1573\" src=\"https:\/\/www.thelins.se\/lisa\/blog\/wp-content\/uploads\/2012\/01\/IMAG1573-179x300.jpg\" alt=\"\" width=\"179\" height=\"300\" srcset=\"https:\/\/www.thelins.se\/lisa\/blog\/wp-content\/uploads\/2012\/01\/IMAG1573-179x300.jpg 179w, https:\/\/www.thelins.se\/lisa\/blog\/wp-content\/uploads\/2012\/01\/IMAG1573-613x1024.jpg 613w, https:\/\/www.thelins.se\/lisa\/blog\/wp-content\/uploads\/2012\/01\/IMAG1573-59x100.jpg 59w, https:\/\/www.thelins.se\/lisa\/blog\/wp-content\/uploads\/2012\/01\/IMAG1573-89x150.jpg 89w, https:\/\/www.thelins.se\/lisa\/blog\/wp-content\/uploads\/2012\/01\/IMAG1573.jpg 1552w\" sizes=\"auto, (max-width: 179px) 100vw, 179px\" \/><\/a><\/p>\n<p>Jag v\u00e5gade g\u00e5 balansg\u00e5ng \u00f6ver ett stort akvarium fyllt med fiskar.<\/p>\n<p><a href=\"https:\/\/www.thelins.se\/lisa\/blog\/wp-content\/uploads\/2012\/01\/IMAG1587.jpg\"><img loading=\"lazy\" decoding=\"async\" class=\"aligncenter size-medium wp-image-1494\" title=\"IMAG1587\" src=\"https:\/\/www.thelins.se\/lisa\/blog\/wp-content\/uploads\/2012\/01\/IMAG1587-179x300.jpg\" alt=\"\" width=\"179\" height=\"300\" srcset=\"https:\/\/www.thelins.se\/lisa\/blog\/wp-content\/uploads\/2012\/01\/IMAG1587-179x300.jpg 179w, https:\/\/www.thelins.se\/lisa\/blog\/wp-content\/uploads\/2012\/01\/IMAG1587-613x1024.jpg 613w, https:\/\/www.thelins.se\/lisa\/blog\/wp-content\/uploads\/2012\/01\/IMAG1587-59x100.jpg 59w, https:\/\/www.thelins.se\/lisa\/blog\/wp-content\/uploads\/2012\/01\/IMAG1587-89x150.jpg 89w, https:\/\/www.thelins.se\/lisa\/blog\/wp-content\/uploads\/2012\/01\/IMAG1587.jpg 1552w\" sizes=\"auto, (max-width: 179px) 100vw, 179px\" \/><\/a><\/p>\n<p>De hade stooora hajar ocks\u00e5.<\/p>\n<p><a href=\"https:\/\/www.thelins.se\/lisa\/blog\/wp-content\/uploads\/2012\/01\/IMAG1594.jpg\"><img loading=\"lazy\" decoding=\"async\" class=\"aligncenter size-medium wp-image-1495\" title=\"IMAG1594\" src=\"https:\/\/www.thelins.se\/lisa\/blog\/wp-content\/uploads\/2012\/01\/IMAG1594-179x300.jpg\" alt=\"\" width=\"179\" height=\"300\" srcset=\"https:\/\/www.thelins.se\/lisa\/blog\/wp-content\/uploads\/2012\/01\/IMAG1594-179x300.jpg 179w, https:\/\/www.thelins.se\/lisa\/blog\/wp-content\/uploads\/2012\/01\/IMAG1594-613x1024.jpg 613w, https:\/\/www.thelins.se\/lisa\/blog\/wp-content\/uploads\/2012\/01\/IMAG1594-59x100.jpg 59w, https:\/\/www.thelins.se\/lisa\/blog\/wp-content\/uploads\/2012\/01\/IMAG1594-89x150.jpg 89w, https:\/\/www.thelins.se\/lisa\/blog\/wp-content\/uploads\/2012\/01\/IMAG1594.jpg 1552w\" sizes=\"auto, (max-width: 179px) 100vw, 179px\" \/><\/a><\/p>\n<p>Och sm\u00e5 s\u00f6ta apor.<\/p>\n<p><a href=\"https:\/\/www.thelins.se\/lisa\/blog\/wp-content\/uploads\/2012\/01\/IMAG1597.jpg\"><img loading=\"lazy\" decoding=\"async\" class=\"aligncenter size-medium wp-image-1496\" title=\"IMAG1597\" src=\"https:\/\/www.thelins.se\/lisa\/blog\/wp-content\/uploads\/2012\/01\/IMAG1597-179x300.jpg\" alt=\"\" width=\"179\" height=\"300\" srcset=\"https:\/\/www.thelins.se\/lisa\/blog\/wp-content\/uploads\/2012\/01\/IMAG1597-179x300.jpg 179w, https:\/\/www.thelins.se\/lisa\/blog\/wp-content\/uploads\/2012\/01\/IMAG1597-613x1024.jpg 613w, https:\/\/www.thelins.se\/lisa\/blog\/wp-content\/uploads\/2012\/01\/IMAG1597-59x100.jpg 59w, https:\/\/www.thelins.se\/lisa\/blog\/wp-content\/uploads\/2012\/01\/IMAG1597-89x150.jpg 89w, https:\/\/www.thelins.se\/lisa\/blog\/wp-content\/uploads\/2012\/01\/IMAG1597.jpg 1552w\" sizes=\"auto, (max-width: 179px) 100vw, 179px\" \/><\/a><\/p>\n<p>N\u00e4r julen var slut var det tid att \u00e4ta upp pepparkakshuset. Patrik, pappa och jag hj\u00e4lptes \u00e5t.<\/p>\n<p><a href=\"https:\/\/www.thelins.se\/lisa\/blog\/wp-content\/uploads\/2012\/01\/IMAG1612.jpg\"><img loading=\"lazy\" decoding=\"async\" class=\"aligncenter size-medium wp-image-1497\" title=\"IMAG1612\" src=\"https:\/\/www.thelins.se\/lisa\/blog\/wp-content\/uploads\/2012\/01\/IMAG1612-179x300.jpg\" alt=\"\" width=\"179\" height=\"300\" srcset=\"https:\/\/www.thelins.se\/lisa\/blog\/wp-content\/uploads\/2012\/01\/IMAG1612-179x300.jpg 179w, https:\/\/www.thelins.se\/lisa\/blog\/wp-content\/uploads\/2012\/01\/IMAG1612-613x1024.jpg 613w, https:\/\/www.thelins.se\/lisa\/blog\/wp-content\/uploads\/2012\/01\/IMAG1612-59x100.jpg 59w, https:\/\/www.thelins.se\/lisa\/blog\/wp-content\/uploads\/2012\/01\/IMAG1612-89x150.jpg 89w, https:\/\/www.thelins.se\/lisa\/blog\/wp-content\/uploads\/2012\/01\/IMAG1612.jpg 1552w\" sizes=\"auto, (max-width: 179px) 100vw, 179px\" \/><\/a><\/p>\n<p>Sedan har jag \u00e5kt pulka och snowracer med min kompis Tilde.<\/p>\n<p><a href=\"https:\/\/www.thelins.se\/lisa\/blog\/wp-content\/uploads\/2012\/01\/IMAG1623.jpg\"><img loading=\"lazy\" decoding=\"async\" class=\"aligncenter size-medium wp-image-1498\" title=\"IMAG1623\" src=\"https:\/\/www.thelins.se\/lisa\/blog\/wp-content\/uploads\/2012\/01\/IMAG1623-179x300.jpg\" alt=\"\" width=\"179\" height=\"300\" srcset=\"https:\/\/www.thelins.se\/lisa\/blog\/wp-content\/uploads\/2012\/01\/IMAG1623-179x300.jpg 179w, https:\/\/www.thelins.se\/lisa\/blog\/wp-content\/uploads\/2012\/01\/IMAG1623-613x1024.jpg 613w, https:\/\/www.thelins.se\/lisa\/blog\/wp-content\/uploads\/2012\/01\/IMAG1623-59x100.jpg 59w, https:\/\/www.thelins.se\/lisa\/blog\/wp-content\/uploads\/2012\/01\/IMAG1623-89x150.jpg 89w, https:\/\/www.thelins.se\/lisa\/blog\/wp-content\/uploads\/2012\/01\/IMAG1623.jpg 1552w\" sizes=\"auto, (max-width: 179px) 100vw, 179px\" \/><\/a><\/p>\n<p>\u00a0\/L<\/p>\n","protected":false},"excerpt":{"rendered":"<p>Sedan var det julafton och Tomten kom. Jag v\u00e5gade till och med ge honom en kram. Tomten hade inte tid att dela ut alla paket s\u00e5 jag och pappa fick hj\u00e4lpas \u00e5t. Jag fick en sparkcykel som jag s\u00e5 g\u00e4rna ville ha. Jag fick ocks\u00e5 en prinsesskl\u00e4nning. Jag fick massa mer ocks\u00e5 men jag kan&hellip;<\/p>\n","protected":false},"author":2,"featured_media":0,"comment_status":"closed","ping_status":"closed","sticky":false,"template":"","format":"standard","meta":{"footnotes":""},"categories":[1],"tags":[],"class_list":["post-1478","post","type-post","status-publish","format-standard","hentry","category-uncategorized"],"_links":{"self":[{"href":"https:\/\/www.thelins.se\/lisa\/blog\/wp-json\/wp\/v2\/posts\/1478","targetHints":{"allow":["GET"]}}],"collection":[{"href":"https:\/\/www.thelins.se\/lisa\/blog\/wp-json\/wp\/v2\/posts"}],"about":[{"href":"https:\/\/www.thelins.se\/lisa\/blog\/wp-json\/wp\/v2\/types\/post"}],"author":[{"embeddable":true,"href":"https:\/\/www.thelins.se\/lisa\/blog\/wp-json\/wp\/v2\/users\/2"}],"replies":[{"embeddable":true,"href":"https:\/\/www.thelins.se\/lisa\/blog\/wp-json\/wp\/v2\/comments?post=1478"}],"version-history":[{"count":2,"href":"https:\/\/www.thelins.se\/lisa\/blog\/wp-json\/wp\/v2\/posts\/1478\/revisions"}],"predecessor-version":[{"id":1500,"href":"https:\/\/www.thelins.se\/lisa\/blog\/wp-json\/wp\/v2\/posts\/1478\/revisions\/1500"}],"wp:attachment":[{"href":"https:\/\/www.thelins.se\/lisa\/blog\/wp-json\/wp\/v2\/media?parent=1478"}],"wp:term":[{"taxonomy":"category","embeddable":true,"href":"https:\/\/www.thelins.se\/lisa\/blog\/wp-json\/wp\/v2\/categories?post=1478"},{"taxonomy":"post_tag","embeddable":true,"href":"https:\/\/www.thelins.se\/lisa\/blog\/wp-json\/wp\/v2\/tags?post=1478"}],"curies":[{"name":"wp","href":"https:\/\/api.w.org\/{rel}","templated":true}]}}