{"id":1458,"date":"2011-12-01T09:43:34","date_gmt":"2011-12-01T08:43:34","guid":{"rendered":"http:\/\/www.thelins.se\/lisa\/blog\/?p=1458"},"modified":"2011-12-01T09:44:34","modified_gmt":"2011-12-01T08:44:34","slug":"adventskalender","status":"publish","type":"post","link":"https:\/\/www.thelins.se\/lisa\/blog\/2011\/12\/adventskalender\/","title":{"rendered":"Adventskalender"},"content":{"rendered":"<p>\u00a0Hej alla,<\/p>\n<p>Idag har jag f\u00e5tt v\u00e4rldens finaste adventskalender fr\u00e5n min farmor!<a href=\"https:\/\/www.thelins.se\/lisa\/blog\/wp-content\/uploads\/2011\/12\/IMAG1426.jpg\"><img loading=\"lazy\" decoding=\"async\" class=\"aligncenter size-medium wp-image-1461\" title=\"IMAG1426\" src=\"https:\/\/www.thelins.se\/lisa\/blog\/wp-content\/uploads\/2011\/12\/IMAG1426-300x179.jpg\" alt=\"\" width=\"300\" height=\"179\" srcset=\"https:\/\/www.thelins.se\/lisa\/blog\/wp-content\/uploads\/2011\/12\/IMAG1426-300x179.jpg 300w, https:\/\/www.thelins.se\/lisa\/blog\/wp-content\/uploads\/2011\/12\/IMAG1426-1024x613.jpg 1024w, https:\/\/www.thelins.se\/lisa\/blog\/wp-content\/uploads\/2011\/12\/IMAG1426-100x59.jpg 100w, https:\/\/www.thelins.se\/lisa\/blog\/wp-content\/uploads\/2011\/12\/IMAG1426-150x89.jpg 150w\" sizes=\"auto, (max-width: 300px) 100vw, 300px\" \/><\/a><\/p>\n<p>\u00a0Jag fick v\u00e4lja vilket paket jag skulle \u00f6ppna idag s\u00e5 jag valde ett med guldpapper p\u00e5.<\/p>\n<p>\u00a0<a href=\"https:\/\/www.thelins.se\/lisa\/blog\/wp-content\/uploads\/2011\/12\/IMAG1429.jpg\"><img loading=\"lazy\" decoding=\"async\" class=\"aligncenter size-medium wp-image-1460\" title=\"IMAG1429\" src=\"https:\/\/www.thelins.se\/lisa\/blog\/wp-content\/uploads\/2011\/12\/IMAG1429-179x300.jpg\" alt=\"\" width=\"179\" height=\"300\" srcset=\"https:\/\/www.thelins.se\/lisa\/blog\/wp-content\/uploads\/2011\/12\/IMAG1429-179x300.jpg 179w, https:\/\/www.thelins.se\/lisa\/blog\/wp-content\/uploads\/2011\/12\/IMAG1429-613x1024.jpg 613w, https:\/\/www.thelins.se\/lisa\/blog\/wp-content\/uploads\/2011\/12\/IMAG1429-59x100.jpg 59w, https:\/\/www.thelins.se\/lisa\/blog\/wp-content\/uploads\/2011\/12\/IMAG1429-89x150.jpg 89w, https:\/\/www.thelins.se\/lisa\/blog\/wp-content\/uploads\/2011\/12\/IMAG1429.jpg 1552w\" sizes=\"auto, (max-width: 179px) 100vw, 179px\" \/><\/a><\/p>\n<p>&nbsp;<\/p>\n<p>\u00a0Det syns lite d\u00e5ligt p\u00e5 bilden men det var en \u00e5sna i det paketet som \u00e4r med i min Bamse-bok<img loading=\"lazy\" decoding=\"async\" class=\"aligncenter\" title=\"IMAG1434\" src=\"https:\/\/www.thelins.se\/lisa\/blog\/wp-content\/uploads\/2011\/12\/IMAG1434-179x300.jpg\" alt=\"\" width=\"179\" height=\"300\" \/><\/p>\n<p>\/L<\/p>\n","protected":false},"excerpt":{"rendered":"<p>\u00a0Hej alla, Idag har jag f\u00e5tt v\u00e4rldens finaste adventskalender fr\u00e5n min farmor! \u00a0Jag fick v\u00e4lja vilket paket jag skulle \u00f6ppna idag s\u00e5 jag valde ett med guldpapper p\u00e5. \u00a0 &nbsp; \u00a0Det syns lite d\u00e5ligt p\u00e5 bilden men det var en \u00e5sna i det paketet som \u00e4r med i min Bamse-bok \/L<\/p>\n","protected":false},"author":2,"featured_media":0,"comment_status":"closed","ping_status":"closed","sticky":false,"template":"","format":"standard","meta":{"footnotes":""},"categories":[1],"tags":[],"class_list":["post-1458","post","type-post","status-publish","format-standard","hentry","category-uncategorized"],"_links":{"self":[{"href":"https:\/\/www.thelins.se\/lisa\/blog\/wp-json\/wp\/v2\/posts\/1458","targetHints":{"allow":["GET"]}}],"collection":[{"href":"https:\/\/www.thelins.se\/lisa\/blog\/wp-json\/wp\/v2\/posts"}],"about":[{"href":"https:\/\/www.thelins.se\/lisa\/blog\/wp-json\/wp\/v2\/types\/post"}],"author":[{"embeddable":true,"href":"https:\/\/www.thelins.se\/lisa\/blog\/wp-json\/wp\/v2\/users\/2"}],"replies":[{"embeddable":true,"href":"https:\/\/www.thelins.se\/lisa\/blog\/wp-json\/wp\/v2\/comments?post=1458"}],"version-history":[{"count":8,"href":"https:\/\/www.thelins.se\/lisa\/blog\/wp-json\/wp\/v2\/posts\/1458\/revisions"}],"predecessor-version":[{"id":1469,"href":"https:\/\/www.thelins.se\/lisa\/blog\/wp-json\/wp\/v2\/posts\/1458\/revisions\/1469"}],"wp:attachment":[{"href":"https:\/\/www.thelins.se\/lisa\/blog\/wp-json\/wp\/v2\/media?parent=1458"}],"wp:term":[{"taxonomy":"category","embeddable":true,"href":"https:\/\/www.thelins.se\/lisa\/blog\/wp-json\/wp\/v2\/categories?post=1458"},{"taxonomy":"post_tag","embeddable":true,"href":"https:\/\/www.thelins.se\/lisa\/blog\/wp-json\/wp\/v2\/tags?post=1458"}],"curies":[{"name":"wp","href":"https:\/\/api.w.org\/{rel}","templated":true}]}}