{"id":1422,"date":"2011-10-25T08:04:46","date_gmt":"2011-10-25T06:04:46","guid":{"rendered":"http:\/\/www.thelins.se\/lisa\/blog\/?p=1422"},"modified":"2011-10-25T08:04:46","modified_gmt":"2011-10-25T06:04:46","slug":"laga-mat","status":"publish","type":"post","link":"https:\/\/www.thelins.se\/lisa\/blog\/2011\/10\/laga-mat\/","title":{"rendered":"Laga mat"},"content":{"rendered":"<p>Hej alla<\/p>\n<p>Jag tycker om att hj\u00e4lpa mamma laga mat. Fast man f\u00e5r se upp f\u00f6r det kan vara varmt.<\/p>\n<p><a href=\"https:\/\/www.thelins.se\/lisa\/blog\/wp-content\/uploads\/2011\/10\/IMAG1233.jpg\"><img loading=\"lazy\" decoding=\"async\" class=\"aligncenter size-medium wp-image-1423\" title=\"IMAG1233\" src=\"https:\/\/www.thelins.se\/lisa\/blog\/wp-content\/uploads\/2011\/10\/IMAG1233-300x179.jpg\" alt=\"\" width=\"300\" height=\"179\" srcset=\"https:\/\/www.thelins.se\/lisa\/blog\/wp-content\/uploads\/2011\/10\/IMAG1233-300x179.jpg 300w, https:\/\/www.thelins.se\/lisa\/blog\/wp-content\/uploads\/2011\/10\/IMAG1233-1024x613.jpg 1024w, https:\/\/www.thelins.se\/lisa\/blog\/wp-content\/uploads\/2011\/10\/IMAG1233-100x59.jpg 100w, https:\/\/www.thelins.se\/lisa\/blog\/wp-content\/uploads\/2011\/10\/IMAG1233-150x89.jpg 150w\" sizes=\"auto, (max-width: 300px) 100vw, 300px\" \/><\/a><\/p>\n<p>\/L<\/p>\n","protected":false},"excerpt":{"rendered":"<p>Hej alla Jag tycker om att hj\u00e4lpa mamma laga mat. Fast man f\u00e5r se upp f\u00f6r det kan vara varmt. \/L<\/p>\n","protected":false},"author":2,"featured_media":0,"comment_status":"closed","ping_status":"closed","sticky":false,"template":"","format":"standard","meta":{"footnotes":""},"categories":[1],"tags":[],"class_list":["post-1422","post","type-post","status-publish","format-standard","hentry","category-uncategorized"],"_links":{"self":[{"href":"https:\/\/www.thelins.se\/lisa\/blog\/wp-json\/wp\/v2\/posts\/1422","targetHints":{"allow":["GET"]}}],"collection":[{"href":"https:\/\/www.thelins.se\/lisa\/blog\/wp-json\/wp\/v2\/posts"}],"about":[{"href":"https:\/\/www.thelins.se\/lisa\/blog\/wp-json\/wp\/v2\/types\/post"}],"author":[{"embeddable":true,"href":"https:\/\/www.thelins.se\/lisa\/blog\/wp-json\/wp\/v2\/users\/2"}],"replies":[{"embeddable":true,"href":"https:\/\/www.thelins.se\/lisa\/blog\/wp-json\/wp\/v2\/comments?post=1422"}],"version-history":[{"count":1,"href":"https:\/\/www.thelins.se\/lisa\/blog\/wp-json\/wp\/v2\/posts\/1422\/revisions"}],"predecessor-version":[{"id":1425,"href":"https:\/\/www.thelins.se\/lisa\/blog\/wp-json\/wp\/v2\/posts\/1422\/revisions\/1425"}],"wp:attachment":[{"href":"https:\/\/www.thelins.se\/lisa\/blog\/wp-json\/wp\/v2\/media?parent=1422"}],"wp:term":[{"taxonomy":"category","embeddable":true,"href":"https:\/\/www.thelins.se\/lisa\/blog\/wp-json\/wp\/v2\/categories?post=1422"},{"taxonomy":"post_tag","embeddable":true,"href":"https:\/\/www.thelins.se\/lisa\/blog\/wp-json\/wp\/v2\/tags?post=1422"}],"curies":[{"name":"wp","href":"https:\/\/api.w.org\/{rel}","templated":true}]}}