{"id":1411,"date":"2011-10-13T06:58:25","date_gmt":"2011-10-13T04:58:25","guid":{"rendered":"http:\/\/www.thelins.se\/lisa\/blog\/?p=1411"},"modified":"2011-10-13T06:58:25","modified_gmt":"2011-10-13T04:58:25","slug":"storasyster-alma","status":"publish","type":"post","link":"https:\/\/www.thelins.se\/lisa\/blog\/2011\/10\/storasyster-alma\/","title":{"rendered":"Storasyster Alma"},"content":{"rendered":"<p>Hej alla,<\/p>\n<p>I m\u00e5ndags fick Alma sova \u00f6ver hos mig f\u00f6r hon blev storasyster natten mellan m\u00e5ndag och tisdag. Hon fick en syster d\u00e5.<\/p>\n<p>Det var kul att hon sov \u00f6ver och \u00e5t frukost tillsammans med mig.<\/p>\n<p><a href=\"https:\/\/www.thelins.se\/lisa\/blog\/wp-content\/uploads\/2011\/10\/IMAG1186.jpg\"><img loading=\"lazy\" decoding=\"async\" class=\"aligncenter size-medium wp-image-1413\" title=\"IMAG1186\" src=\"https:\/\/www.thelins.se\/lisa\/blog\/wp-content\/uploads\/2011\/10\/IMAG1186-300x179.jpg\" alt=\"\" width=\"300\" height=\"179\" srcset=\"https:\/\/www.thelins.se\/lisa\/blog\/wp-content\/uploads\/2011\/10\/IMAG1186-300x179.jpg 300w, https:\/\/www.thelins.se\/lisa\/blog\/wp-content\/uploads\/2011\/10\/IMAG1186-1024x613.jpg 1024w, https:\/\/www.thelins.se\/lisa\/blog\/wp-content\/uploads\/2011\/10\/IMAG1186-100x59.jpg 100w, https:\/\/www.thelins.se\/lisa\/blog\/wp-content\/uploads\/2011\/10\/IMAG1186-150x89.jpg 150w\" sizes=\"auto, (max-width: 300px) 100vw, 300px\" \/><\/a><\/p>\n<p>Mamma fick f\u00f6rst k\u00f6ra mig till min f\u00f6rskola och sedan k\u00f6ra Alma till hennes f\u00f6rskola.<\/p>\n<p><a href=\"https:\/\/www.thelins.se\/lisa\/blog\/wp-content\/uploads\/2011\/10\/IMAG1188.jpg\"><img loading=\"lazy\" decoding=\"async\" class=\"aligncenter size-medium wp-image-1412\" title=\"IMAG1188\" src=\"https:\/\/www.thelins.se\/lisa\/blog\/wp-content\/uploads\/2011\/10\/IMAG1188-179x300.jpg\" alt=\"\" width=\"179\" height=\"300\" srcset=\"https:\/\/www.thelins.se\/lisa\/blog\/wp-content\/uploads\/2011\/10\/IMAG1188-179x300.jpg 179w, https:\/\/www.thelins.se\/lisa\/blog\/wp-content\/uploads\/2011\/10\/IMAG1188-613x1024.jpg 613w, https:\/\/www.thelins.se\/lisa\/blog\/wp-content\/uploads\/2011\/10\/IMAG1188-59x100.jpg 59w, https:\/\/www.thelins.se\/lisa\/blog\/wp-content\/uploads\/2011\/10\/IMAG1188-89x150.jpg 89w, https:\/\/www.thelins.se\/lisa\/blog\/wp-content\/uploads\/2011\/10\/IMAG1188.jpg 1552w\" sizes=\"auto, (max-width: 179px) 100vw, 179px\" \/><\/a><\/p>\n<p>\/L<\/p>\n","protected":false},"excerpt":{"rendered":"<p>Hej alla, I m\u00e5ndags fick Alma sova \u00f6ver hos mig f\u00f6r hon blev storasyster natten mellan m\u00e5ndag och tisdag. Hon fick en syster d\u00e5. Det var kul att hon sov \u00f6ver och \u00e5t frukost tillsammans med mig. Mamma fick f\u00f6rst k\u00f6ra mig till min f\u00f6rskola och sedan k\u00f6ra Alma till hennes f\u00f6rskola. \/L<\/p>\n","protected":false},"author":2,"featured_media":0,"comment_status":"closed","ping_status":"closed","sticky":false,"template":"","format":"standard","meta":{"footnotes":""},"categories":[1],"tags":[],"class_list":["post-1411","post","type-post","status-publish","format-standard","hentry","category-uncategorized"],"_links":{"self":[{"href":"https:\/\/www.thelins.se\/lisa\/blog\/wp-json\/wp\/v2\/posts\/1411","targetHints":{"allow":["GET"]}}],"collection":[{"href":"https:\/\/www.thelins.se\/lisa\/blog\/wp-json\/wp\/v2\/posts"}],"about":[{"href":"https:\/\/www.thelins.se\/lisa\/blog\/wp-json\/wp\/v2\/types\/post"}],"author":[{"embeddable":true,"href":"https:\/\/www.thelins.se\/lisa\/blog\/wp-json\/wp\/v2\/users\/2"}],"replies":[{"embeddable":true,"href":"https:\/\/www.thelins.se\/lisa\/blog\/wp-json\/wp\/v2\/comments?post=1411"}],"version-history":[{"count":2,"href":"https:\/\/www.thelins.se\/lisa\/blog\/wp-json\/wp\/v2\/posts\/1411\/revisions"}],"predecessor-version":[{"id":1415,"href":"https:\/\/www.thelins.se\/lisa\/blog\/wp-json\/wp\/v2\/posts\/1411\/revisions\/1415"}],"wp:attachment":[{"href":"https:\/\/www.thelins.se\/lisa\/blog\/wp-json\/wp\/v2\/media?parent=1411"}],"wp:term":[{"taxonomy":"category","embeddable":true,"href":"https:\/\/www.thelins.se\/lisa\/blog\/wp-json\/wp\/v2\/categories?post=1411"},{"taxonomy":"post_tag","embeddable":true,"href":"https:\/\/www.thelins.se\/lisa\/blog\/wp-json\/wp\/v2\/tags?post=1411"}],"curies":[{"name":"wp","href":"https:\/\/api.w.org\/{rel}","templated":true}]}}