{"id":14,"date":"2008-09-05T21:35:00","date_gmt":"2008-09-05T19:35:00","guid":{"rendered":"http:\/\/www.thelins.se\/lisa\/blog\/2008\/09\/potatis\/"},"modified":"2008-09-05T21:35:00","modified_gmt":"2008-09-05T19:35:00","slug":"potatis","status":"publish","type":"post","link":"https:\/\/www.thelins.se\/lisa\/blog\/2008\/09\/potatis\/","title":{"rendered":">Potatis"},"content":{"rendered":"<p>>Hej alla,<\/p>\n<p>Alla andra \u00e4ter ju riktig mat, s\u00e5 jag t\u00e4nkte att jag skulle prova. Just nu jobbar jag med potatis, men jag vet att mamma har lite morot p\u00e5 lager.<\/p>\n<p><a onblur=\"try {parent.deselectBloggerImageGracefully();} catch(e) {}\" href=\"https:\/\/www.thelins.se\/lisa\/blog\/uploaded_images\/P9020062-718156.JPG\"><img decoding=\"async\" style=\"margin: 0px auto 10px; display: block; text-align: center; cursor: pointer;\" src=\"https:\/\/www.thelins.se\/lisa\/blog\/uploaded_images\/P9020062-716367.JPG\" alt=\"\" border=\"0\" \/><\/a><\/p>\n<p>Ganska s\u00e5 gott faktiskt!<\/p>\n<p>\/Lisa<\/p>\n","protected":false},"excerpt":{"rendered":"<p>>Hej alla, Alla andra \u00e4ter ju riktig mat, s\u00e5 jag t\u00e4nkte att jag skulle prova. Just nu jobbar jag med potatis, men jag vet att mamma har lite morot p\u00e5 lager. Ganska s\u00e5 gott faktiskt! \/Lisa<\/p>\n","protected":false},"author":2,"featured_media":0,"comment_status":"closed","ping_status":"closed","sticky":false,"template":"","format":"standard","meta":{"footnotes":""},"categories":[1],"tags":[],"class_list":["post-14","post","type-post","status-publish","format-standard","hentry","category-uncategorized"],"_links":{"self":[{"href":"https:\/\/www.thelins.se\/lisa\/blog\/wp-json\/wp\/v2\/posts\/14","targetHints":{"allow":["GET"]}}],"collection":[{"href":"https:\/\/www.thelins.se\/lisa\/blog\/wp-json\/wp\/v2\/posts"}],"about":[{"href":"https:\/\/www.thelins.se\/lisa\/blog\/wp-json\/wp\/v2\/types\/post"}],"author":[{"embeddable":true,"href":"https:\/\/www.thelins.se\/lisa\/blog\/wp-json\/wp\/v2\/users\/2"}],"replies":[{"embeddable":true,"href":"https:\/\/www.thelins.se\/lisa\/blog\/wp-json\/wp\/v2\/comments?post=14"}],"version-history":[{"count":0,"href":"https:\/\/www.thelins.se\/lisa\/blog\/wp-json\/wp\/v2\/posts\/14\/revisions"}],"wp:attachment":[{"href":"https:\/\/www.thelins.se\/lisa\/blog\/wp-json\/wp\/v2\/media?parent=14"}],"wp:term":[{"taxonomy":"category","embeddable":true,"href":"https:\/\/www.thelins.se\/lisa\/blog\/wp-json\/wp\/v2\/categories?post=14"},{"taxonomy":"post_tag","embeddable":true,"href":"https:\/\/www.thelins.se\/lisa\/blog\/wp-json\/wp\/v2\/tags?post=14"}],"curies":[{"name":"wp","href":"https:\/\/api.w.org\/{rel}","templated":true}]}}