{"id":1385,"date":"2011-09-25T06:50:54","date_gmt":"2011-09-25T04:50:54","guid":{"rendered":"http:\/\/www.thelins.se\/lisa\/blog\/?p=1385"},"modified":"2011-09-23T16:53:17","modified_gmt":"2011-09-23T14:53:17","slug":"fin-i-haret","status":"publish","type":"post","link":"https:\/\/www.thelins.se\/lisa\/blog\/2011\/09\/fin-i-haret\/","title":{"rendered":"Fin i h\u00e5ret"},"content":{"rendered":"<p>Hej alla,<\/p>\n<p>Mitt h\u00e5r har vuxit v\u00e4ldigt det sista.<\/p>\n<p><a href=\"https:\/\/www.thelins.se\/lisa\/blog\/wp-content\/uploads\/2011\/09\/IMAG1047.jpg\"><img loading=\"lazy\" decoding=\"async\" class=\"aligncenter size-medium wp-image-1387\" title=\"IMAG1047\" src=\"https:\/\/www.thelins.se\/lisa\/blog\/wp-content\/uploads\/2011\/09\/IMAG1047-300x179.jpg\" alt=\"\" width=\"300\" height=\"179\" srcset=\"https:\/\/www.thelins.se\/lisa\/blog\/wp-content\/uploads\/2011\/09\/IMAG1047-300x179.jpg 300w, https:\/\/www.thelins.se\/lisa\/blog\/wp-content\/uploads\/2011\/09\/IMAG1047-1024x613.jpg 1024w, https:\/\/www.thelins.se\/lisa\/blog\/wp-content\/uploads\/2011\/09\/IMAG1047-100x59.jpg 100w, https:\/\/www.thelins.se\/lisa\/blog\/wp-content\/uploads\/2011\/09\/IMAG1047-150x89.jpg 150w\" sizes=\"auto, (max-width: 300px) 100vw, 300px\" \/><\/a><\/p>\n<p>Nu \u00e4r det till och med s\u00e5 l\u00e5ngt s\u00e5 mamma kan g\u00f6ra sm\u00e5 fl\u00e4tor\u00a0av det.<\/p>\n<p><a href=\"https:\/\/www.thelins.se\/lisa\/blog\/wp-content\/uploads\/2011\/09\/IMAG1045.jpg\"><img loading=\"lazy\" decoding=\"async\" class=\"aligncenter size-medium wp-image-1386\" title=\"IMAG1045\" src=\"https:\/\/www.thelins.se\/lisa\/blog\/wp-content\/uploads\/2011\/09\/IMAG1045-300x179.jpg\" alt=\"\" width=\"300\" height=\"179\" srcset=\"https:\/\/www.thelins.se\/lisa\/blog\/wp-content\/uploads\/2011\/09\/IMAG1045-300x179.jpg 300w, https:\/\/www.thelins.se\/lisa\/blog\/wp-content\/uploads\/2011\/09\/IMAG1045-1024x613.jpg 1024w, https:\/\/www.thelins.se\/lisa\/blog\/wp-content\/uploads\/2011\/09\/IMAG1045-100x59.jpg 100w, https:\/\/www.thelins.se\/lisa\/blog\/wp-content\/uploads\/2011\/09\/IMAG1045-150x89.jpg 150w\" sizes=\"auto, (max-width: 300px) 100vw, 300px\" \/><\/a><\/p>\n<p>&nbsp;<\/p>\n<p>\/L<\/p>\n","protected":false},"excerpt":{"rendered":"<p>Hej alla, Mitt h\u00e5r har vuxit v\u00e4ldigt det sista. Nu \u00e4r det till och med s\u00e5 l\u00e5ngt s\u00e5 mamma kan g\u00f6ra sm\u00e5 fl\u00e4tor\u00a0av det. &nbsp; \/L<\/p>\n","protected":false},"author":2,"featured_media":0,"comment_status":"closed","ping_status":"closed","sticky":false,"template":"","format":"standard","meta":{"footnotes":""},"categories":[1],"tags":[],"class_list":["post-1385","post","type-post","status-publish","format-standard","hentry","category-uncategorized"],"_links":{"self":[{"href":"https:\/\/www.thelins.se\/lisa\/blog\/wp-json\/wp\/v2\/posts\/1385","targetHints":{"allow":["GET"]}}],"collection":[{"href":"https:\/\/www.thelins.se\/lisa\/blog\/wp-json\/wp\/v2\/posts"}],"about":[{"href":"https:\/\/www.thelins.se\/lisa\/blog\/wp-json\/wp\/v2\/types\/post"}],"author":[{"embeddable":true,"href":"https:\/\/www.thelins.se\/lisa\/blog\/wp-json\/wp\/v2\/users\/2"}],"replies":[{"embeddable":true,"href":"https:\/\/www.thelins.se\/lisa\/blog\/wp-json\/wp\/v2\/comments?post=1385"}],"version-history":[{"count":2,"href":"https:\/\/www.thelins.se\/lisa\/blog\/wp-json\/wp\/v2\/posts\/1385\/revisions"}],"predecessor-version":[{"id":1389,"href":"https:\/\/www.thelins.se\/lisa\/blog\/wp-json\/wp\/v2\/posts\/1385\/revisions\/1389"}],"wp:attachment":[{"href":"https:\/\/www.thelins.se\/lisa\/blog\/wp-json\/wp\/v2\/media?parent=1385"}],"wp:term":[{"taxonomy":"category","embeddable":true,"href":"https:\/\/www.thelins.se\/lisa\/blog\/wp-json\/wp\/v2\/categories?post=1385"},{"taxonomy":"post_tag","embeddable":true,"href":"https:\/\/www.thelins.se\/lisa\/blog\/wp-json\/wp\/v2\/tags?post=1385"}],"curies":[{"name":"wp","href":"https:\/\/api.w.org\/{rel}","templated":true}]}}