{"id":1371,"date":"2011-09-22T07:40:45","date_gmt":"2011-09-22T05:40:45","guid":{"rendered":"http:\/\/www.thelins.se\/lisa\/blog\/?p=1371"},"modified":"2011-09-21T13:44:05","modified_gmt":"2011-09-21T11:44:05","slug":"sjuk","status":"publish","type":"post","link":"https:\/\/www.thelins.se\/lisa\/blog\/2011\/09\/sjuk\/","title":{"rendered":"Sjuk"},"content":{"rendered":"<p>&nbsp;<\/p>\n<p>Hej alla,<\/p>\n<p>Jag har varit hemma fr\u00e5n dagis och varit lite f\u00f6rkyld.<\/p>\n<p>D\u00e5 p\u00e4rlade jag och mamma massor.<\/p>\n<p><a href=\"https:\/\/www.thelins.se\/lisa\/blog\/wp-content\/uploads\/2011\/09\/IMAG1025.jpg\"><img loading=\"lazy\" decoding=\"async\" class=\"aligncenter size-medium wp-image-1374\" title=\"IMAG1025\" src=\"https:\/\/www.thelins.se\/lisa\/blog\/wp-content\/uploads\/2011\/09\/IMAG1025-179x300.jpg\" alt=\"\" width=\"179\" height=\"300\" srcset=\"https:\/\/www.thelins.se\/lisa\/blog\/wp-content\/uploads\/2011\/09\/IMAG1025-179x300.jpg 179w, https:\/\/www.thelins.se\/lisa\/blog\/wp-content\/uploads\/2011\/09\/IMAG1025-613x1024.jpg 613w, https:\/\/www.thelins.se\/lisa\/blog\/wp-content\/uploads\/2011\/09\/IMAG1025-59x100.jpg 59w, https:\/\/www.thelins.se\/lisa\/blog\/wp-content\/uploads\/2011\/09\/IMAG1025-89x150.jpg 89w, https:\/\/www.thelins.se\/lisa\/blog\/wp-content\/uploads\/2011\/09\/IMAG1025.jpg 1552w\" sizes=\"auto, (max-width: 179px) 100vw, 179px\" \/><\/a><\/p>\n<p>Jag gjorde den h\u00e4r fina delfinen.<\/p>\n<p><a href=\"https:\/\/www.thelins.se\/lisa\/blog\/wp-content\/uploads\/2011\/09\/IMAG1026.jpg\"><img loading=\"lazy\" decoding=\"async\" class=\"aligncenter size-medium wp-image-1373\" title=\"IMAG1026\" src=\"https:\/\/www.thelins.se\/lisa\/blog\/wp-content\/uploads\/2011\/09\/IMAG1026-300x179.jpg\" alt=\"\" width=\"300\" height=\"179\" srcset=\"https:\/\/www.thelins.se\/lisa\/blog\/wp-content\/uploads\/2011\/09\/IMAG1026-300x179.jpg 300w, https:\/\/www.thelins.se\/lisa\/blog\/wp-content\/uploads\/2011\/09\/IMAG1026-1024x613.jpg 1024w, https:\/\/www.thelins.se\/lisa\/blog\/wp-content\/uploads\/2011\/09\/IMAG1026-100x59.jpg 100w, https:\/\/www.thelins.se\/lisa\/blog\/wp-content\/uploads\/2011\/09\/IMAG1026-150x89.jpg 150w\" sizes=\"auto, (max-width: 300px) 100vw, 300px\" \/><\/a><\/p>\n<p>Och mamma gjorde den h\u00e4r fina bilen.<\/p>\n<p><a href=\"https:\/\/www.thelins.se\/lisa\/blog\/wp-content\/uploads\/2011\/09\/IMAG1027.jpg\"><img loading=\"lazy\" decoding=\"async\" class=\"aligncenter size-medium wp-image-1372\" title=\"IMAG1027\" src=\"https:\/\/www.thelins.se\/lisa\/blog\/wp-content\/uploads\/2011\/09\/IMAG1027-300x179.jpg\" alt=\"\" width=\"300\" height=\"179\" srcset=\"https:\/\/www.thelins.se\/lisa\/blog\/wp-content\/uploads\/2011\/09\/IMAG1027-300x179.jpg 300w, https:\/\/www.thelins.se\/lisa\/blog\/wp-content\/uploads\/2011\/09\/IMAG1027-1024x613.jpg 1024w, https:\/\/www.thelins.se\/lisa\/blog\/wp-content\/uploads\/2011\/09\/IMAG1027-100x59.jpg 100w, https:\/\/www.thelins.se\/lisa\/blog\/wp-content\/uploads\/2011\/09\/IMAG1027-150x89.jpg 150w\" sizes=\"auto, (max-width: 300px) 100vw, 300px\" \/><\/a><\/p>\n<p>\/L<\/p>\n","protected":false},"excerpt":{"rendered":"<p>&nbsp; Hej alla, Jag har varit hemma fr\u00e5n dagis och varit lite f\u00f6rkyld. D\u00e5 p\u00e4rlade jag och mamma massor. Jag gjorde den h\u00e4r fina delfinen. Och mamma gjorde den h\u00e4r fina bilen. \/L<\/p>\n","protected":false},"author":2,"featured_media":0,"comment_status":"closed","ping_status":"closed","sticky":false,"template":"","format":"standard","meta":{"footnotes":""},"categories":[1],"tags":[],"class_list":["post-1371","post","type-post","status-publish","format-standard","hentry","category-uncategorized"],"_links":{"self":[{"href":"https:\/\/www.thelins.se\/lisa\/blog\/wp-json\/wp\/v2\/posts\/1371","targetHints":{"allow":["GET"]}}],"collection":[{"href":"https:\/\/www.thelins.se\/lisa\/blog\/wp-json\/wp\/v2\/posts"}],"about":[{"href":"https:\/\/www.thelins.se\/lisa\/blog\/wp-json\/wp\/v2\/types\/post"}],"author":[{"embeddable":true,"href":"https:\/\/www.thelins.se\/lisa\/blog\/wp-json\/wp\/v2\/users\/2"}],"replies":[{"embeddable":true,"href":"https:\/\/www.thelins.se\/lisa\/blog\/wp-json\/wp\/v2\/comments?post=1371"}],"version-history":[{"count":1,"href":"https:\/\/www.thelins.se\/lisa\/blog\/wp-json\/wp\/v2\/posts\/1371\/revisions"}],"predecessor-version":[{"id":1375,"href":"https:\/\/www.thelins.se\/lisa\/blog\/wp-json\/wp\/v2\/posts\/1371\/revisions\/1375"}],"wp:attachment":[{"href":"https:\/\/www.thelins.se\/lisa\/blog\/wp-json\/wp\/v2\/media?parent=1371"}],"wp:term":[{"taxonomy":"category","embeddable":true,"href":"https:\/\/www.thelins.se\/lisa\/blog\/wp-json\/wp\/v2\/categories?post=1371"},{"taxonomy":"post_tag","embeddable":true,"href":"https:\/\/www.thelins.se\/lisa\/blog\/wp-json\/wp\/v2\/tags?post=1371"}],"curies":[{"name":"wp","href":"https:\/\/api.w.org\/{rel}","templated":true}]}}