{"id":1321,"date":"2011-09-07T07:42:45","date_gmt":"2011-09-07T05:42:45","guid":{"rendered":"http:\/\/www.thelins.se\/lisa\/blog\/?p=1321"},"modified":"2011-09-05T16:48:04","modified_gmt":"2011-09-05T14:48:04","slug":"tvatta-duschen","status":"publish","type":"post","link":"https:\/\/www.thelins.se\/lisa\/blog\/2011\/09\/tvatta-duschen\/","title":{"rendered":"Tv\u00e4tta duschen"},"content":{"rendered":"<p>Hej alla,<\/p>\n<p>Vi har inget nagellack hemma och eftersom jag g\u00e4rna vill m\u00e5la mina naglar s\u00e5 brukar jag m\u00e5la dem med tuschpennor n\u00e4r mamma och pappa inte ser p\u00e5. Det f\u00e5r jag inte g\u00f6ra men ibland g\u00f6r jag det \u00e4nd\u00e5. Sist n\u00e4r jag gjorde det s\u00e5 kom det b\u00e5de p\u00e5 mina ben och armar och lite \u00f6verallt s\u00e5 d\u00e5 fick jag duscha f\u00f6r att f\u00f6rs\u00f6ka tv\u00e4tta bort det.<\/p>\n<p><a href=\"https:\/\/www.thelins.se\/lisa\/blog\/wp-content\/uploads\/2011\/09\/IMAG0812.jpg\"><img loading=\"lazy\" decoding=\"async\" class=\"aligncenter size-medium wp-image-1323\" title=\"IMAG0812\" src=\"https:\/\/www.thelins.se\/lisa\/blog\/wp-content\/uploads\/2011\/09\/IMAG0812-179x300.jpg\" alt=\"\" width=\"179\" height=\"300\" srcset=\"https:\/\/www.thelins.se\/lisa\/blog\/wp-content\/uploads\/2011\/09\/IMAG0812-179x300.jpg 179w, https:\/\/www.thelins.se\/lisa\/blog\/wp-content\/uploads\/2011\/09\/IMAG0812-613x1024.jpg 613w, https:\/\/www.thelins.se\/lisa\/blog\/wp-content\/uploads\/2011\/09\/IMAG0812-59x100.jpg 59w, https:\/\/www.thelins.se\/lisa\/blog\/wp-content\/uploads\/2011\/09\/IMAG0812-89x150.jpg 89w, https:\/\/www.thelins.se\/lisa\/blog\/wp-content\/uploads\/2011\/09\/IMAG0812.jpg 1552w\" sizes=\"auto, (max-width: 179px) 100vw, 179px\" \/><\/a><\/p>\n<p>Men jag tyckte att det var roligare att tv\u00e4tta i duschkabinen \u00e4n mig sj\u00e4lv men n\u00e4r den var ren s\u00e5 var all f\u00e4rg borta fr\u00e5n mig ocks\u00e5. D\u00e5 blev mamma lite gladare&#8230;<\/p>\n<p><a href=\"https:\/\/www.thelins.se\/lisa\/blog\/wp-content\/uploads\/2011\/09\/IMAG0802.jpg\"><img loading=\"lazy\" decoding=\"async\" class=\"aligncenter size-medium wp-image-1322\" title=\"IMAG0802\" src=\"https:\/\/www.thelins.se\/lisa\/blog\/wp-content\/uploads\/2011\/09\/IMAG0802-179x300.jpg\" alt=\"\" width=\"179\" height=\"300\" srcset=\"https:\/\/www.thelins.se\/lisa\/blog\/wp-content\/uploads\/2011\/09\/IMAG0802-179x300.jpg 179w, https:\/\/www.thelins.se\/lisa\/blog\/wp-content\/uploads\/2011\/09\/IMAG0802-613x1024.jpg 613w, https:\/\/www.thelins.se\/lisa\/blog\/wp-content\/uploads\/2011\/09\/IMAG0802-59x100.jpg 59w, https:\/\/www.thelins.se\/lisa\/blog\/wp-content\/uploads\/2011\/09\/IMAG0802-89x150.jpg 89w, https:\/\/www.thelins.se\/lisa\/blog\/wp-content\/uploads\/2011\/09\/IMAG0802.jpg 1552w\" sizes=\"auto, (max-width: 179px) 100vw, 179px\" \/><\/a><\/p>\n<p>\/L<\/p>\n","protected":false},"excerpt":{"rendered":"<p>Hej alla, Vi har inget nagellack hemma och eftersom jag g\u00e4rna vill m\u00e5la mina naglar s\u00e5 brukar jag m\u00e5la dem med tuschpennor n\u00e4r mamma och pappa inte ser p\u00e5. Det f\u00e5r jag inte g\u00f6ra men ibland g\u00f6r jag det \u00e4nd\u00e5. Sist n\u00e4r jag gjorde det s\u00e5 kom det b\u00e5de p\u00e5 mina ben och armar och&hellip;<\/p>\n","protected":false},"author":2,"featured_media":0,"comment_status":"closed","ping_status":"closed","sticky":false,"template":"","format":"standard","meta":{"footnotes":""},"categories":[1],"tags":[],"class_list":["post-1321","post","type-post","status-publish","format-standard","hentry","category-uncategorized"],"_links":{"self":[{"href":"https:\/\/www.thelins.se\/lisa\/blog\/wp-json\/wp\/v2\/posts\/1321","targetHints":{"allow":["GET"]}}],"collection":[{"href":"https:\/\/www.thelins.se\/lisa\/blog\/wp-json\/wp\/v2\/posts"}],"about":[{"href":"https:\/\/www.thelins.se\/lisa\/blog\/wp-json\/wp\/v2\/types\/post"}],"author":[{"embeddable":true,"href":"https:\/\/www.thelins.se\/lisa\/blog\/wp-json\/wp\/v2\/users\/2"}],"replies":[{"embeddable":true,"href":"https:\/\/www.thelins.se\/lisa\/blog\/wp-json\/wp\/v2\/comments?post=1321"}],"version-history":[{"count":2,"href":"https:\/\/www.thelins.se\/lisa\/blog\/wp-json\/wp\/v2\/posts\/1321\/revisions"}],"predecessor-version":[{"id":1325,"href":"https:\/\/www.thelins.se\/lisa\/blog\/wp-json\/wp\/v2\/posts\/1321\/revisions\/1325"}],"wp:attachment":[{"href":"https:\/\/www.thelins.se\/lisa\/blog\/wp-json\/wp\/v2\/media?parent=1321"}],"wp:term":[{"taxonomy":"category","embeddable":true,"href":"https:\/\/www.thelins.se\/lisa\/blog\/wp-json\/wp\/v2\/categories?post=1321"},{"taxonomy":"post_tag","embeddable":true,"href":"https:\/\/www.thelins.se\/lisa\/blog\/wp-json\/wp\/v2\/tags?post=1321"}],"curies":[{"name":"wp","href":"https:\/\/api.w.org\/{rel}","templated":true}]}}