{"id":13,"date":"2008-08-29T19:22:00","date_gmt":"2008-08-29T17:22:00","guid":{"rendered":"http:\/\/www.thelins.se\/lisa\/blog\/2008\/08\/otterberget\/"},"modified":"2008-08-29T19:22:00","modified_gmt":"2008-08-29T17:22:00","slug":"otterberget","status":"publish","type":"post","link":"https:\/\/www.thelins.se\/lisa\/blog\/2008\/08\/otterberget\/","title":{"rendered":">Otterberget"},"content":{"rendered":"<p>>Hej alla,<\/p>\n<p>Nu \u00e4r jag, mamma och pappa i Otterberget och bor i sommarstuga. Det \u00e4r kul! Man kan gunga i hammocken.<\/p>\n<p><a onblur=\"try {parent.deselectBloggerImageGracefully();} catch(e) {}\" href=\"https:\/\/www.thelins.se\/lisa\/blog\/uploaded_images\/p8260016-795784.jpg\"><img decoding=\"async\" style=\"margin: 0px auto 10px; display: block; text-align: center; cursor: pointer;\" src=\"https:\/\/www.thelins.se\/lisa\/blog\/uploaded_images\/p8260016-794653.jpg\" alt=\"\" border=\"0\" \/><\/a><br \/>Om man vill ta det lite lugnare kan man kolla p\u00e5 utsikten fr\u00e5n verandan.<\/p>\n<p><a onblur=\"try {parent.deselectBloggerImageGracefully();} catch(e) {}\" href=\"https:\/\/www.thelins.se\/lisa\/blog\/uploaded_images\/p8260020-793680.jpg\"><img decoding=\"async\" style=\"margin: 0px auto 10px; display: block; text-align: center; cursor: pointer;\" src=\"https:\/\/www.thelins.se\/lisa\/blog\/uploaded_images\/p8260020-792892.jpg\" alt=\"\" border=\"0\" \/><\/a><br \/>Sedan, n\u00e4r det \u00e4r f\u00f6r kallt och sent f\u00f6r att vara ute s\u00e5 kan man hoppa lite i soffan med pappa.<\/p>\n<p><a onblur=\"try {parent.deselectBloggerImageGracefully();} catch(e) {}\" href=\"https:\/\/www.thelins.se\/lisa\/blog\/uploaded_images\/p8260048-783670.jpg\"><img decoding=\"async\" style=\"margin: 0px auto 10px; display: block; text-align: center; cursor: pointer;\" src=\"https:\/\/www.thelins.se\/lisa\/blog\/uploaded_images\/p8260048-782979.jpg\" alt=\"\" border=\"0\" \/><\/a><br \/>\/Lisa<\/p>\n","protected":false},"excerpt":{"rendered":"<p>>Hej alla, Nu \u00e4r jag, mamma och pappa i Otterberget och bor i sommarstuga. Det \u00e4r kul! Man kan gunga i hammocken. Om man vill ta det lite lugnare kan man kolla p\u00e5 utsikten fr\u00e5n verandan. Sedan, n\u00e4r det \u00e4r f\u00f6r kallt och sent f\u00f6r att vara ute s\u00e5 kan man hoppa lite i soffan&hellip;<\/p>\n","protected":false},"author":2,"featured_media":0,"comment_status":"closed","ping_status":"closed","sticky":false,"template":"","format":"standard","meta":{"footnotes":""},"categories":[1],"tags":[],"class_list":["post-13","post","type-post","status-publish","format-standard","hentry","category-uncategorized"],"_links":{"self":[{"href":"https:\/\/www.thelins.se\/lisa\/blog\/wp-json\/wp\/v2\/posts\/13","targetHints":{"allow":["GET"]}}],"collection":[{"href":"https:\/\/www.thelins.se\/lisa\/blog\/wp-json\/wp\/v2\/posts"}],"about":[{"href":"https:\/\/www.thelins.se\/lisa\/blog\/wp-json\/wp\/v2\/types\/post"}],"author":[{"embeddable":true,"href":"https:\/\/www.thelins.se\/lisa\/blog\/wp-json\/wp\/v2\/users\/2"}],"replies":[{"embeddable":true,"href":"https:\/\/www.thelins.se\/lisa\/blog\/wp-json\/wp\/v2\/comments?post=13"}],"version-history":[{"count":0,"href":"https:\/\/www.thelins.se\/lisa\/blog\/wp-json\/wp\/v2\/posts\/13\/revisions"}],"wp:attachment":[{"href":"https:\/\/www.thelins.se\/lisa\/blog\/wp-json\/wp\/v2\/media?parent=13"}],"wp:term":[{"taxonomy":"category","embeddable":true,"href":"https:\/\/www.thelins.se\/lisa\/blog\/wp-json\/wp\/v2\/categories?post=13"},{"taxonomy":"post_tag","embeddable":true,"href":"https:\/\/www.thelins.se\/lisa\/blog\/wp-json\/wp\/v2\/tags?post=13"}],"curies":[{"name":"wp","href":"https:\/\/api.w.org\/{rel}","templated":true}]}}