{"id":1264,"date":"2011-08-13T07:35:40","date_gmt":"2011-08-13T05:35:40","guid":{"rendered":"http:\/\/www.thelins.se\/lisa\/blog\/?p=1264"},"modified":"2011-08-11T07:39:16","modified_gmt":"2011-08-11T05:39:16","slug":"bad-med-mamma","status":"publish","type":"post","link":"https:\/\/www.thelins.se\/lisa\/blog\/2011\/08\/bad-med-mamma\/","title":{"rendered":"Bad med mamma"},"content":{"rendered":"<p>Hej alla,<\/p>\n<p>Nu har jag varit och badat med mamma. Eftersom mamma \u00e4r en stooor badkruka s\u00e5 vill hon inte att man skv\u00e4tter p\u00e5 henne i vattnet s\u00e5 d\u00e5 f\u00e5r man leka mer stillsamma lekar i vattnet \u00e4n vad man beh\u00f6ver med pappa.<\/p>\n<p><a href=\"https:\/\/www.thelins.se\/lisa\/blog\/wp-content\/uploads\/2011\/08\/IMAG0651.jpg\"><img loading=\"lazy\" decoding=\"async\" class=\"aligncenter size-medium wp-image-1266\" title=\"IMAG0651\" src=\"https:\/\/www.thelins.se\/lisa\/blog\/wp-content\/uploads\/2011\/08\/IMAG0651-179x300.jpg\" alt=\"\" width=\"179\" height=\"300\" srcset=\"https:\/\/www.thelins.se\/lisa\/blog\/wp-content\/uploads\/2011\/08\/IMAG0651-179x300.jpg 179w, https:\/\/www.thelins.se\/lisa\/blog\/wp-content\/uploads\/2011\/08\/IMAG0651-613x1024.jpg 613w, https:\/\/www.thelins.se\/lisa\/blog\/wp-content\/uploads\/2011\/08\/IMAG0651-59x100.jpg 59w, https:\/\/www.thelins.se\/lisa\/blog\/wp-content\/uploads\/2011\/08\/IMAG0651-89x150.jpg 89w, https:\/\/www.thelins.se\/lisa\/blog\/wp-content\/uploads\/2011\/08\/IMAG0651.jpg 1552w\" sizes=\"auto, (max-width: 179px) 100vw, 179px\" \/><\/a><\/p>\n<p>Mamma och jag hade lite otur f\u00f6r helt pl\u00f6tsligt b\u00f6rjade det regna s\u00e5 vi fick g\u00e5 upp och l\u00e4gga oss under handdukarna.<\/p>\n<p><a href=\"https:\/\/www.thelins.se\/lisa\/blog\/wp-content\/uploads\/2011\/08\/IMAG0652.jpg\"><img loading=\"lazy\" decoding=\"async\" class=\"aligncenter size-medium wp-image-1265\" title=\"IMAG0652\" src=\"https:\/\/www.thelins.se\/lisa\/blog\/wp-content\/uploads\/2011\/08\/IMAG0652-179x300.jpg\" alt=\"\" width=\"179\" height=\"300\" srcset=\"https:\/\/www.thelins.se\/lisa\/blog\/wp-content\/uploads\/2011\/08\/IMAG0652-179x300.jpg 179w, https:\/\/www.thelins.se\/lisa\/blog\/wp-content\/uploads\/2011\/08\/IMAG0652-613x1024.jpg 613w, https:\/\/www.thelins.se\/lisa\/blog\/wp-content\/uploads\/2011\/08\/IMAG0652-59x100.jpg 59w, https:\/\/www.thelins.se\/lisa\/blog\/wp-content\/uploads\/2011\/08\/IMAG0652-89x150.jpg 89w, https:\/\/www.thelins.se\/lisa\/blog\/wp-content\/uploads\/2011\/08\/IMAG0652.jpg 1552w\" sizes=\"auto, (max-width: 179px) 100vw, 179px\" \/><\/a><\/p>\n<p>\/L<\/p>\n","protected":false},"excerpt":{"rendered":"<p>Hej alla, Nu har jag varit och badat med mamma. Eftersom mamma \u00e4r en stooor badkruka s\u00e5 vill hon inte att man skv\u00e4tter p\u00e5 henne i vattnet s\u00e5 d\u00e5 f\u00e5r man leka mer stillsamma lekar i vattnet \u00e4n vad man beh\u00f6ver med pappa. Mamma och jag hade lite otur f\u00f6r helt pl\u00f6tsligt b\u00f6rjade det regna&hellip;<\/p>\n","protected":false},"author":2,"featured_media":0,"comment_status":"closed","ping_status":"closed","sticky":false,"template":"","format":"standard","meta":{"footnotes":""},"categories":[1],"tags":[],"class_list":["post-1264","post","type-post","status-publish","format-standard","hentry","category-uncategorized"],"_links":{"self":[{"href":"https:\/\/www.thelins.se\/lisa\/blog\/wp-json\/wp\/v2\/posts\/1264","targetHints":{"allow":["GET"]}}],"collection":[{"href":"https:\/\/www.thelins.se\/lisa\/blog\/wp-json\/wp\/v2\/posts"}],"about":[{"href":"https:\/\/www.thelins.se\/lisa\/blog\/wp-json\/wp\/v2\/types\/post"}],"author":[{"embeddable":true,"href":"https:\/\/www.thelins.se\/lisa\/blog\/wp-json\/wp\/v2\/users\/2"}],"replies":[{"embeddable":true,"href":"https:\/\/www.thelins.se\/lisa\/blog\/wp-json\/wp\/v2\/comments?post=1264"}],"version-history":[{"count":3,"href":"https:\/\/www.thelins.se\/lisa\/blog\/wp-json\/wp\/v2\/posts\/1264\/revisions"}],"predecessor-version":[{"id":1269,"href":"https:\/\/www.thelins.se\/lisa\/blog\/wp-json\/wp\/v2\/posts\/1264\/revisions\/1269"}],"wp:attachment":[{"href":"https:\/\/www.thelins.se\/lisa\/blog\/wp-json\/wp\/v2\/media?parent=1264"}],"wp:term":[{"taxonomy":"category","embeddable":true,"href":"https:\/\/www.thelins.se\/lisa\/blog\/wp-json\/wp\/v2\/categories?post=1264"},{"taxonomy":"post_tag","embeddable":true,"href":"https:\/\/www.thelins.se\/lisa\/blog\/wp-json\/wp\/v2\/tags?post=1264"}],"curies":[{"name":"wp","href":"https:\/\/api.w.org\/{rel}","templated":true}]}}