{"id":1228,"date":"2011-08-06T07:04:15","date_gmt":"2011-08-06T05:04:15","guid":{"rendered":"http:\/\/www.thelins.se\/lisa\/blog\/?p=1228"},"modified":"2011-08-03T07:29:14","modified_gmt":"2011-08-03T05:29:14","slug":"boras-djurpark-2","status":"publish","type":"post","link":"https:\/\/www.thelins.se\/lisa\/blog\/2011\/08\/boras-djurpark-2\/","title":{"rendered":"Bor\u00e5s djurpark"},"content":{"rendered":"<p>Hej alla,<\/p>\n<p>F\u00f6r ett par dagar sedan var jag p\u00e5 Bor\u00e5s djurpark med mamma och pappa och en annan familj.<\/p>\n<p>Elefanterna \u00e4r verkligen stooora n\u00e4r man ser dem p\u00e5 n\u00e4ra h\u00e5ll.<\/p>\n<p><a href=\"https:\/\/www.thelins.se\/lisa\/blog\/wp-content\/uploads\/2011\/08\/P1030333.jpg\"><img loading=\"lazy\" decoding=\"async\" class=\"aligncenter size-medium wp-image-1240\" title=\"P1030333\" src=\"https:\/\/www.thelins.se\/lisa\/blog\/wp-content\/uploads\/2011\/08\/P1030333-225x300.jpg\" alt=\"\" width=\"225\" height=\"300\" srcset=\"https:\/\/www.thelins.se\/lisa\/blog\/wp-content\/uploads\/2011\/08\/P1030333-225x300.jpg 225w, https:\/\/www.thelins.se\/lisa\/blog\/wp-content\/uploads\/2011\/08\/P1030333-768x1024.jpg 768w, https:\/\/www.thelins.se\/lisa\/blog\/wp-content\/uploads\/2011\/08\/P1030333-75x100.jpg 75w, https:\/\/www.thelins.se\/lisa\/blog\/wp-content\/uploads\/2011\/08\/P1030333-112x150.jpg 112w\" sizes=\"auto, (max-width: 225px) 100vw, 225px\" \/><\/a><\/p>\n<p>En av girafferna f\u00f6rs\u00f6kte \u00e4ta upp min fot&#8230;eller s\u00e5 var det bara gr\u00e4set som den ville \u00e5t&#8230;<\/p>\n<p><a href=\"https:\/\/www.thelins.se\/lisa\/blog\/wp-content\/uploads\/2011\/08\/P1030346.jpg\"><img loading=\"lazy\" decoding=\"async\" class=\"aligncenter size-medium wp-image-1239\" title=\"P1030346\" src=\"https:\/\/www.thelins.se\/lisa\/blog\/wp-content\/uploads\/2011\/08\/P1030346-300x225.jpg\" alt=\"\" width=\"300\" height=\"225\" srcset=\"https:\/\/www.thelins.se\/lisa\/blog\/wp-content\/uploads\/2011\/08\/P1030346-300x225.jpg 300w, https:\/\/www.thelins.se\/lisa\/blog\/wp-content\/uploads\/2011\/08\/P1030346-1024x768.jpg 1024w, https:\/\/www.thelins.se\/lisa\/blog\/wp-content\/uploads\/2011\/08\/P1030346-100x75.jpg 100w, https:\/\/www.thelins.se\/lisa\/blog\/wp-content\/uploads\/2011\/08\/P1030346-150x112.jpg 150w\" sizes=\"auto, (max-width: 300px) 100vw, 300px\" \/><\/a><\/p>\n<p>Tur att det var glas mellan mig och tigrarna.<\/p>\n<p><a href=\"https:\/\/www.thelins.se\/lisa\/blog\/wp-content\/uploads\/2011\/08\/P1030354.jpg\"><img loading=\"lazy\" decoding=\"async\" class=\"aligncenter size-medium wp-image-1238\" title=\"P1030354\" src=\"https:\/\/www.thelins.se\/lisa\/blog\/wp-content\/uploads\/2011\/08\/P1030354-300x225.jpg\" alt=\"\" width=\"300\" height=\"225\" srcset=\"https:\/\/www.thelins.se\/lisa\/blog\/wp-content\/uploads\/2011\/08\/P1030354-300x225.jpg 300w, https:\/\/www.thelins.se\/lisa\/blog\/wp-content\/uploads\/2011\/08\/P1030354-1024x768.jpg 1024w, https:\/\/www.thelins.se\/lisa\/blog\/wp-content\/uploads\/2011\/08\/P1030354-100x75.jpg 100w, https:\/\/www.thelins.se\/lisa\/blog\/wp-content\/uploads\/2011\/08\/P1030354-150x112.jpg 150w\" sizes=\"auto, (max-width: 300px) 100vw, 300px\" \/><\/a><\/p>\n<p>Bj\u00f6rnarna var v\u00e4ldigt s\u00f6ta men de var lite l\u00e5ngt bort.<\/p>\n<p><a href=\"https:\/\/www.thelins.se\/lisa\/blog\/wp-content\/uploads\/2011\/08\/P1030361.jpg\"><img loading=\"lazy\" decoding=\"async\" class=\"aligncenter size-medium wp-image-1237\" title=\"P1030361\" src=\"https:\/\/www.thelins.se\/lisa\/blog\/wp-content\/uploads\/2011\/08\/P1030361-300x225.jpg\" alt=\"\" width=\"300\" height=\"225\" srcset=\"https:\/\/www.thelins.se\/lisa\/blog\/wp-content\/uploads\/2011\/08\/P1030361-300x225.jpg 300w, https:\/\/www.thelins.se\/lisa\/blog\/wp-content\/uploads\/2011\/08\/P1030361-1024x768.jpg 1024w, https:\/\/www.thelins.se\/lisa\/blog\/wp-content\/uploads\/2011\/08\/P1030361-100x75.jpg 100w, https:\/\/www.thelins.se\/lisa\/blog\/wp-content\/uploads\/2011\/08\/P1030361-150x112.jpg 150w\" sizes=\"auto, (max-width: 300px) 100vw, 300px\" \/><\/a><\/p>\n<p>Sedan fick vi ta en paus och \u00e4ta lite glass.<\/p>\n<p><a href=\"https:\/\/www.thelins.se\/lisa\/blog\/wp-content\/uploads\/2011\/08\/P1030372.jpg\"><img loading=\"lazy\" decoding=\"async\" class=\"aligncenter size-medium wp-image-1236\" title=\"P1030372\" src=\"https:\/\/www.thelins.se\/lisa\/blog\/wp-content\/uploads\/2011\/08\/P1030372-300x225.jpg\" alt=\"\" width=\"300\" height=\"225\" srcset=\"https:\/\/www.thelins.se\/lisa\/blog\/wp-content\/uploads\/2011\/08\/P1030372-300x225.jpg 300w, https:\/\/www.thelins.se\/lisa\/blog\/wp-content\/uploads\/2011\/08\/P1030372-1024x768.jpg 1024w, https:\/\/www.thelins.se\/lisa\/blog\/wp-content\/uploads\/2011\/08\/P1030372-100x75.jpg 100w, https:\/\/www.thelins.se\/lisa\/blog\/wp-content\/uploads\/2011\/08\/P1030372-150x112.jpg 150w\" sizes=\"auto, (max-width: 300px) 100vw, 300px\" \/><\/a><\/p>\n<p>Jag och Vilma busade mycket. Det var roligt att ha n\u00e5gon att leka med d\u00e4r.<\/p>\n<p><a href=\"https:\/\/www.thelins.se\/lisa\/blog\/wp-content\/uploads\/2011\/08\/P1030377.jpg\"><img loading=\"lazy\" decoding=\"async\" class=\"aligncenter size-medium wp-image-1235\" title=\"P1030377\" src=\"https:\/\/www.thelins.se\/lisa\/blog\/wp-content\/uploads\/2011\/08\/P1030377-300x225.jpg\" alt=\"\" width=\"300\" height=\"225\" srcset=\"https:\/\/www.thelins.se\/lisa\/blog\/wp-content\/uploads\/2011\/08\/P1030377-300x225.jpg 300w, https:\/\/www.thelins.se\/lisa\/blog\/wp-content\/uploads\/2011\/08\/P1030377-1024x768.jpg 1024w, https:\/\/www.thelins.se\/lisa\/blog\/wp-content\/uploads\/2011\/08\/P1030377-100x75.jpg 100w, https:\/\/www.thelins.se\/lisa\/blog\/wp-content\/uploads\/2011\/08\/P1030377-150x112.jpg 150w\" sizes=\"auto, (max-width: 300px) 100vw, 300px\" \/><\/a><\/p>\n<p>Det fanns pingviner d\u00e4r ocks\u00e5 men de s\u00e5g inte alls ut som Pingu och hans familj som pappa sa.<\/p>\n<p><a href=\"https:\/\/www.thelins.se\/lisa\/blog\/wp-content\/uploads\/2011\/08\/P1030388.jpg\"><img loading=\"lazy\" decoding=\"async\" class=\"aligncenter size-medium wp-image-1234\" title=\"P1030388\" src=\"https:\/\/www.thelins.se\/lisa\/blog\/wp-content\/uploads\/2011\/08\/P1030388-300x225.jpg\" alt=\"\" width=\"300\" height=\"225\" srcset=\"https:\/\/www.thelins.se\/lisa\/blog\/wp-content\/uploads\/2011\/08\/P1030388-300x225.jpg 300w, https:\/\/www.thelins.se\/lisa\/blog\/wp-content\/uploads\/2011\/08\/P1030388-1024x768.jpg 1024w, https:\/\/www.thelins.se\/lisa\/blog\/wp-content\/uploads\/2011\/08\/P1030388-100x75.jpg 100w, https:\/\/www.thelins.se\/lisa\/blog\/wp-content\/uploads\/2011\/08\/P1030388-150x112.jpg 150w\" sizes=\"auto, (max-width: 300px) 100vw, 300px\" \/><\/a><\/p>\n<p>B\u00e4st av allt var n\u00e4stan den stora lekplatsen som fanns d\u00e4r.<\/p>\n<p><a href=\"https:\/\/www.thelins.se\/lisa\/blog\/wp-content\/uploads\/2011\/08\/P1030393.jpg\"><img loading=\"lazy\" decoding=\"async\" class=\"aligncenter size-medium wp-image-1233\" title=\"P1030393\" src=\"https:\/\/www.thelins.se\/lisa\/blog\/wp-content\/uploads\/2011\/08\/P1030393-300x225.jpg\" alt=\"\" width=\"300\" height=\"225\" srcset=\"https:\/\/www.thelins.se\/lisa\/blog\/wp-content\/uploads\/2011\/08\/P1030393-300x225.jpg 300w, https:\/\/www.thelins.se\/lisa\/blog\/wp-content\/uploads\/2011\/08\/P1030393-1024x768.jpg 1024w, https:\/\/www.thelins.se\/lisa\/blog\/wp-content\/uploads\/2011\/08\/P1030393-100x75.jpg 100w, https:\/\/www.thelins.se\/lisa\/blog\/wp-content\/uploads\/2011\/08\/P1030393-150x112.jpg 150w\" sizes=\"auto, (max-width: 300px) 100vw, 300px\" \/><\/a><\/p>\n<p>Det var n\u00e4stan att mamma inte v\u00e5gade ta kort p\u00e5 mig n\u00e4r jag var s\u00e5 h\u00f6gt upp&#8230;<\/p>\n<p><a href=\"https:\/\/www.thelins.se\/lisa\/blog\/wp-content\/uploads\/2011\/08\/P1030400.jpg\"><img loading=\"lazy\" decoding=\"async\" class=\"aligncenter size-medium wp-image-1232\" title=\"P1030400\" src=\"https:\/\/www.thelins.se\/lisa\/blog\/wp-content\/uploads\/2011\/08\/P1030400-300x225.jpg\" alt=\"\" width=\"300\" height=\"225\" srcset=\"https:\/\/www.thelins.se\/lisa\/blog\/wp-content\/uploads\/2011\/08\/P1030400-300x225.jpg 300w, https:\/\/www.thelins.se\/lisa\/blog\/wp-content\/uploads\/2011\/08\/P1030400-1024x768.jpg 1024w, https:\/\/www.thelins.se\/lisa\/blog\/wp-content\/uploads\/2011\/08\/P1030400-100x75.jpg 100w, https:\/\/www.thelins.se\/lisa\/blog\/wp-content\/uploads\/2011\/08\/P1030400-150x112.jpg 150w\" sizes=\"auto, (max-width: 300px) 100vw, 300px\" \/><\/a><\/p>\n<p>De hade ett likadant r\u00f6r som finns p\u00e5 lekplatsen hemma ocks\u00e5.<\/p>\n<p><a href=\"https:\/\/www.thelins.se\/lisa\/blog\/wp-content\/uploads\/2011\/08\/P1030401.jpg\"><img loading=\"lazy\" decoding=\"async\" class=\"aligncenter size-medium wp-image-1231\" title=\"P1030401\" src=\"https:\/\/www.thelins.se\/lisa\/blog\/wp-content\/uploads\/2011\/08\/P1030401-225x300.jpg\" alt=\"\" width=\"225\" height=\"300\" srcset=\"https:\/\/www.thelins.se\/lisa\/blog\/wp-content\/uploads\/2011\/08\/P1030401-225x300.jpg 225w, https:\/\/www.thelins.se\/lisa\/blog\/wp-content\/uploads\/2011\/08\/P1030401-768x1024.jpg 768w, https:\/\/www.thelins.se\/lisa\/blog\/wp-content\/uploads\/2011\/08\/P1030401-75x100.jpg 75w, https:\/\/www.thelins.se\/lisa\/blog\/wp-content\/uploads\/2011\/08\/P1030401-112x150.jpg 112w\" sizes=\"auto, (max-width: 225px) 100vw, 225px\" \/><\/a><\/p>\n<p>Jag k\u00f6rde traktor ocks\u00e5 men pappa fick hj\u00e4lpa mig f\u00f6r jag hade f\u00f6r l\u00e4tt fot s\u00e5 jag kunde inte riktigt gasa.<\/p>\n<p><a href=\"https:\/\/www.thelins.se\/lisa\/blog\/wp-content\/uploads\/2011\/08\/P1030413.jpg\"><img loading=\"lazy\" decoding=\"async\" class=\"aligncenter size-medium wp-image-1230\" title=\"P1030413\" src=\"https:\/\/www.thelins.se\/lisa\/blog\/wp-content\/uploads\/2011\/08\/P1030413-300x225.jpg\" alt=\"\" width=\"300\" height=\"225\" srcset=\"https:\/\/www.thelins.se\/lisa\/blog\/wp-content\/uploads\/2011\/08\/P1030413-300x225.jpg 300w, https:\/\/www.thelins.se\/lisa\/blog\/wp-content\/uploads\/2011\/08\/P1030413-1024x768.jpg 1024w, https:\/\/www.thelins.se\/lisa\/blog\/wp-content\/uploads\/2011\/08\/P1030413-100x75.jpg 100w, https:\/\/www.thelins.se\/lisa\/blog\/wp-content\/uploads\/2011\/08\/P1030413-150x112.jpg 150w\" sizes=\"auto, (max-width: 300px) 100vw, 300px\" \/><\/a><\/p>\n<p>Det fanns en st\u00f6rre traktor ocks\u00e5 som jag tyckte var rolig att k\u00f6ra men den \u00e5kte inte p\u00e5 riktigt.<\/p>\n<p><a href=\"https:\/\/www.thelins.se\/lisa\/blog\/wp-content\/uploads\/2011\/08\/P1030423.jpg\"><img loading=\"lazy\" decoding=\"async\" class=\"aligncenter size-medium wp-image-1229\" title=\"P1030423\" src=\"https:\/\/www.thelins.se\/lisa\/blog\/wp-content\/uploads\/2011\/08\/P1030423-300x225.jpg\" alt=\"\" width=\"300\" height=\"225\" srcset=\"https:\/\/www.thelins.se\/lisa\/blog\/wp-content\/uploads\/2011\/08\/P1030423-300x225.jpg 300w, https:\/\/www.thelins.se\/lisa\/blog\/wp-content\/uploads\/2011\/08\/P1030423-1024x768.jpg 1024w, https:\/\/www.thelins.se\/lisa\/blog\/wp-content\/uploads\/2011\/08\/P1030423-100x75.jpg 100w, https:\/\/www.thelins.se\/lisa\/blog\/wp-content\/uploads\/2011\/08\/P1030423-150x112.jpg 150w\" sizes=\"auto, (max-width: 300px) 100vw, 300px\" \/><\/a><\/p>\n<p>\/L<\/p>\n","protected":false},"excerpt":{"rendered":"<p>Hej alla, F\u00f6r ett par dagar sedan var jag p\u00e5 Bor\u00e5s djurpark med mamma och pappa och en annan familj. Elefanterna \u00e4r verkligen stooora n\u00e4r man ser dem p\u00e5 n\u00e4ra h\u00e5ll. En av girafferna f\u00f6rs\u00f6kte \u00e4ta upp min fot&#8230;eller s\u00e5 var det bara gr\u00e4set som den ville \u00e5t&#8230; Tur att det var glas mellan mig&hellip;<\/p>\n","protected":false},"author":2,"featured_media":0,"comment_status":"closed","ping_status":"closed","sticky":false,"template":"","format":"standard","meta":{"footnotes":""},"categories":[1],"tags":[],"class_list":["post-1228","post","type-post","status-publish","format-standard","hentry","category-uncategorized"],"_links":{"self":[{"href":"https:\/\/www.thelins.se\/lisa\/blog\/wp-json\/wp\/v2\/posts\/1228","targetHints":{"allow":["GET"]}}],"collection":[{"href":"https:\/\/www.thelins.se\/lisa\/blog\/wp-json\/wp\/v2\/posts"}],"about":[{"href":"https:\/\/www.thelins.se\/lisa\/blog\/wp-json\/wp\/v2\/types\/post"}],"author":[{"embeddable":true,"href":"https:\/\/www.thelins.se\/lisa\/blog\/wp-json\/wp\/v2\/users\/2"}],"replies":[{"embeddable":true,"href":"https:\/\/www.thelins.se\/lisa\/blog\/wp-json\/wp\/v2\/comments?post=1228"}],"version-history":[{"count":2,"href":"https:\/\/www.thelins.se\/lisa\/blog\/wp-json\/wp\/v2\/posts\/1228\/revisions"}],"predecessor-version":[{"id":1242,"href":"https:\/\/www.thelins.se\/lisa\/blog\/wp-json\/wp\/v2\/posts\/1228\/revisions\/1242"}],"wp:attachment":[{"href":"https:\/\/www.thelins.se\/lisa\/blog\/wp-json\/wp\/v2\/media?parent=1228"}],"wp:term":[{"taxonomy":"category","embeddable":true,"href":"https:\/\/www.thelins.se\/lisa\/blog\/wp-json\/wp\/v2\/categories?post=1228"},{"taxonomy":"post_tag","embeddable":true,"href":"https:\/\/www.thelins.se\/lisa\/blog\/wp-json\/wp\/v2\/tags?post=1228"}],"curies":[{"name":"wp","href":"https:\/\/api.w.org\/{rel}","templated":true}]}}