{"id":1222,"date":"2011-08-04T07:33:23","date_gmt":"2011-08-04T05:33:23","guid":{"rendered":"http:\/\/www.thelins.se\/lisa\/blog\/?p=1222"},"modified":"2011-08-01T07:37:19","modified_gmt":"2011-08-01T05:37:19","slug":"pa-lekplatsen-med-nils","status":"publish","type":"post","link":"https:\/\/www.thelins.se\/lisa\/blog\/2011\/08\/pa-lekplatsen-med-nils\/","title":{"rendered":"P\u00e5 lekplatsen med Nils"},"content":{"rendered":"<p>Hej alla,<\/p>\n<p>Nils och jag och n\u00e5gra av Nils kompisar fr\u00e5n Italien var och lekte p\u00e5 lekplatsen vid mig. Det sprang f\u00f6rbi en katt ocks\u00e5 som jag v\u00e5gade klappa.<\/p>\n<p><a href=\"https:\/\/www.thelins.se\/lisa\/blog\/wp-content\/uploads\/2011\/08\/IMAG0599.jpg\"><img loading=\"lazy\" decoding=\"async\" class=\"aligncenter size-medium wp-image-1225\" title=\"IMAG0599\" src=\"https:\/\/www.thelins.se\/lisa\/blog\/wp-content\/uploads\/2011\/08\/IMAG0599-179x300.jpg\" alt=\"\" width=\"179\" height=\"300\" srcset=\"https:\/\/www.thelins.se\/lisa\/blog\/wp-content\/uploads\/2011\/08\/IMAG0599-179x300.jpg 179w, https:\/\/www.thelins.se\/lisa\/blog\/wp-content\/uploads\/2011\/08\/IMAG0599-613x1024.jpg 613w, https:\/\/www.thelins.se\/lisa\/blog\/wp-content\/uploads\/2011\/08\/IMAG0599-59x100.jpg 59w, https:\/\/www.thelins.se\/lisa\/blog\/wp-content\/uploads\/2011\/08\/IMAG0599-89x150.jpg 89w, https:\/\/www.thelins.se\/lisa\/blog\/wp-content\/uploads\/2011\/08\/IMAG0599.jpg 1552w\" sizes=\"auto, (max-width: 179px) 100vw, 179px\" \/><\/a><\/p>\n<p>Jag tyckte att det var roligast att \u00e5ka p\u00e5 magen.<\/p>\n<p><a href=\"https:\/\/www.thelins.se\/lisa\/blog\/wp-content\/uploads\/2011\/08\/IMAG0592.jpg\"><img loading=\"lazy\" decoding=\"async\" class=\"aligncenter size-medium wp-image-1224\" title=\"IMAG0592\" src=\"https:\/\/www.thelins.se\/lisa\/blog\/wp-content\/uploads\/2011\/08\/IMAG0592-179x300.jpg\" alt=\"\" width=\"179\" height=\"300\" srcset=\"https:\/\/www.thelins.se\/lisa\/blog\/wp-content\/uploads\/2011\/08\/IMAG0592-179x300.jpg 179w, https:\/\/www.thelins.se\/lisa\/blog\/wp-content\/uploads\/2011\/08\/IMAG0592-613x1024.jpg 613w, https:\/\/www.thelins.se\/lisa\/blog\/wp-content\/uploads\/2011\/08\/IMAG0592-59x100.jpg 59w, https:\/\/www.thelins.se\/lisa\/blog\/wp-content\/uploads\/2011\/08\/IMAG0592-89x150.jpg 89w, https:\/\/www.thelins.se\/lisa\/blog\/wp-content\/uploads\/2011\/08\/IMAG0592.jpg 1552w\" sizes=\"auto, (max-width: 179px) 100vw, 179px\" \/><\/a><\/p>\n<p>Nils tyckte ocks\u00e5 om att \u00e5ka men han ville sitta upp.<\/p>\n<p><a href=\"https:\/\/www.thelins.se\/lisa\/blog\/wp-content\/uploads\/2011\/08\/IMAG0583.jpg\"><img loading=\"lazy\" decoding=\"async\" class=\"aligncenter size-medium wp-image-1223\" title=\"IMAG0583\" src=\"https:\/\/www.thelins.se\/lisa\/blog\/wp-content\/uploads\/2011\/08\/IMAG0583-179x300.jpg\" alt=\"\" width=\"179\" height=\"300\" srcset=\"https:\/\/www.thelins.se\/lisa\/blog\/wp-content\/uploads\/2011\/08\/IMAG0583-179x300.jpg 179w, https:\/\/www.thelins.se\/lisa\/blog\/wp-content\/uploads\/2011\/08\/IMAG0583-613x1024.jpg 613w, https:\/\/www.thelins.se\/lisa\/blog\/wp-content\/uploads\/2011\/08\/IMAG0583-59x100.jpg 59w, https:\/\/www.thelins.se\/lisa\/blog\/wp-content\/uploads\/2011\/08\/IMAG0583-89x150.jpg 89w, https:\/\/www.thelins.se\/lisa\/blog\/wp-content\/uploads\/2011\/08\/IMAG0583.jpg 1552w\" sizes=\"auto, (max-width: 179px) 100vw, 179px\" \/><\/a><\/p>\n<p>\/L<\/p>\n","protected":false},"excerpt":{"rendered":"<p>Hej alla, Nils och jag och n\u00e5gra av Nils kompisar fr\u00e5n Italien var och lekte p\u00e5 lekplatsen vid mig. Det sprang f\u00f6rbi en katt ocks\u00e5 som jag v\u00e5gade klappa. Jag tyckte att det var roligast att \u00e5ka p\u00e5 magen. Nils tyckte ocks\u00e5 om att \u00e5ka men han ville sitta upp. \/L<\/p>\n","protected":false},"author":2,"featured_media":0,"comment_status":"closed","ping_status":"closed","sticky":false,"template":"","format":"standard","meta":{"footnotes":""},"categories":[1],"tags":[],"class_list":["post-1222","post","type-post","status-publish","format-standard","hentry","category-uncategorized"],"_links":{"self":[{"href":"https:\/\/www.thelins.se\/lisa\/blog\/wp-json\/wp\/v2\/posts\/1222","targetHints":{"allow":["GET"]}}],"collection":[{"href":"https:\/\/www.thelins.se\/lisa\/blog\/wp-json\/wp\/v2\/posts"}],"about":[{"href":"https:\/\/www.thelins.se\/lisa\/blog\/wp-json\/wp\/v2\/types\/post"}],"author":[{"embeddable":true,"href":"https:\/\/www.thelins.se\/lisa\/blog\/wp-json\/wp\/v2\/users\/2"}],"replies":[{"embeddable":true,"href":"https:\/\/www.thelins.se\/lisa\/blog\/wp-json\/wp\/v2\/comments?post=1222"}],"version-history":[{"count":2,"href":"https:\/\/www.thelins.se\/lisa\/blog\/wp-json\/wp\/v2\/posts\/1222\/revisions"}],"predecessor-version":[{"id":1227,"href":"https:\/\/www.thelins.se\/lisa\/blog\/wp-json\/wp\/v2\/posts\/1222\/revisions\/1227"}],"wp:attachment":[{"href":"https:\/\/www.thelins.se\/lisa\/blog\/wp-json\/wp\/v2\/media?parent=1222"}],"wp:term":[{"taxonomy":"category","embeddable":true,"href":"https:\/\/www.thelins.se\/lisa\/blog\/wp-json\/wp\/v2\/categories?post=1222"},{"taxonomy":"post_tag","embeddable":true,"href":"https:\/\/www.thelins.se\/lisa\/blog\/wp-json\/wp\/v2\/tags?post=1222"}],"curies":[{"name":"wp","href":"https:\/\/api.w.org\/{rel}","templated":true}]}}