{"id":12,"date":"2008-08-28T08:57:00","date_gmt":"2008-08-28T06:57:00","guid":{"rendered":"http:\/\/www.thelins.se\/lisa\/blog\/2008\/08\/fatolj\/"},"modified":"2008-08-28T08:57:00","modified_gmt":"2008-08-28T06:57:00","slug":"fatolj","status":"publish","type":"post","link":"https:\/\/www.thelins.se\/lisa\/blog\/2008\/08\/fatolj\/","title":{"rendered":">F\u00e5t\u00f6lj"},"content":{"rendered":"<p>>Hej alla,<\/p>\n<p><a onblur=\"try {parent.deselectBloggerImageGracefully();} catch(e) {}\" href=\"https:\/\/www.thelins.se\/lisa\/blog\/uploaded_images\/DSC00660-793303.jpg\"><img decoding=\"async\" style=\"margin: 0px auto 10px; display: block; text-align: center; cursor: pointer;\" src=\"https:\/\/www.thelins.se\/lisa\/blog\/uploaded_images\/DSC00660-793295.jpg\" alt=\"\" border=\"0\" \/><\/a><br \/>Det \u00e4r ju sk\u00f6nt att kunna luta sig tillbaka och ta det lite lugnt. Gillar s\u00e4rskilt de bl\u00e5a f\u00e5t\u00f6ljerna i vardagsrummet &#8211; man har bra utsikt d\u00e4rifr\u00e5n.<\/p>\n<p>\/Lisa<\/p>\n","protected":false},"excerpt":{"rendered":"<p>>Hej alla, Det \u00e4r ju sk\u00f6nt att kunna luta sig tillbaka och ta det lite lugnt. Gillar s\u00e4rskilt de bl\u00e5a f\u00e5t\u00f6ljerna i vardagsrummet &#8211; man har bra utsikt d\u00e4rifr\u00e5n. \/Lisa<\/p>\n","protected":false},"author":2,"featured_media":0,"comment_status":"closed","ping_status":"closed","sticky":false,"template":"","format":"standard","meta":{"footnotes":""},"categories":[1],"tags":[],"class_list":["post-12","post","type-post","status-publish","format-standard","hentry","category-uncategorized"],"_links":{"self":[{"href":"https:\/\/www.thelins.se\/lisa\/blog\/wp-json\/wp\/v2\/posts\/12","targetHints":{"allow":["GET"]}}],"collection":[{"href":"https:\/\/www.thelins.se\/lisa\/blog\/wp-json\/wp\/v2\/posts"}],"about":[{"href":"https:\/\/www.thelins.se\/lisa\/blog\/wp-json\/wp\/v2\/types\/post"}],"author":[{"embeddable":true,"href":"https:\/\/www.thelins.se\/lisa\/blog\/wp-json\/wp\/v2\/users\/2"}],"replies":[{"embeddable":true,"href":"https:\/\/www.thelins.se\/lisa\/blog\/wp-json\/wp\/v2\/comments?post=12"}],"version-history":[{"count":0,"href":"https:\/\/www.thelins.se\/lisa\/blog\/wp-json\/wp\/v2\/posts\/12\/revisions"}],"wp:attachment":[{"href":"https:\/\/www.thelins.se\/lisa\/blog\/wp-json\/wp\/v2\/media?parent=12"}],"wp:term":[{"taxonomy":"category","embeddable":true,"href":"https:\/\/www.thelins.se\/lisa\/blog\/wp-json\/wp\/v2\/categories?post=12"},{"taxonomy":"post_tag","embeddable":true,"href":"https:\/\/www.thelins.se\/lisa\/blog\/wp-json\/wp\/v2\/tags?post=12"}],"curies":[{"name":"wp","href":"https:\/\/api.w.org\/{rel}","templated":true}]}}