{"id":1199,"date":"2011-08-02T07:47:08","date_gmt":"2011-08-02T05:47:08","guid":{"rendered":"http:\/\/www.thelins.se\/lisa\/blog\/?p=1199"},"modified":"2011-07-30T09:08:02","modified_gmt":"2011-07-30T07:08:02","slug":"bada-med-alma","status":"publish","type":"post","link":"https:\/\/www.thelins.se\/lisa\/blog\/2011\/08\/bada-med-alma\/","title":{"rendered":"Bada med Alma"},"content":{"rendered":"<p>Hej alla,<\/p>\n<p>F\u00f6r n\u00e5gra dagar sedan var jag med Alma och badade i Lygnared. Mamma hade dock lite sv\u00e5rt att f\u00e5 sk\u00e4rpa p\u00e5 mig n\u00e4r jag hoppar fr\u00e5n bryggan.<\/p>\n<p><img loading=\"lazy\" decoding=\"async\" class=\"aligncenter\" title=\"IMAG0518\" src=\"https:\/\/www.thelins.se\/lisa\/blog\/wp-content\/uploads\/2011\/07\/IMAG0518-179x300.jpg\" alt=\"\" width=\"179\" height=\"300\" \/><\/p>\n<p>Mitt plask i vattnet blev ett b\u00e4ttre kort.<\/p>\n<p><img loading=\"lazy\" decoding=\"async\" class=\"aligncenter\" title=\"IMAG0514\" src=\"https:\/\/www.thelins.se\/lisa\/blog\/wp-content\/uploads\/2011\/07\/IMAG0514-300x179.jpg\" alt=\"\" width=\"300\" height=\"179\" \/><\/p>\n<p>V\u00e5ra pappor var med oss i vattnet men v\u00e5ra mammor tyckte att det var f\u00f6r kallt&#8230;<\/p>\n<p><a href=\"https:\/\/www.thelins.se\/lisa\/blog\/wp-content\/uploads\/2011\/07\/IMAG0527.jpg\"><img loading=\"lazy\" decoding=\"async\" class=\"aligncenter\" title=\"IMAG0511\" src=\"https:\/\/www.thelins.se\/lisa\/blog\/wp-content\/uploads\/2011\/07\/IMAG0511-300x179.jpg\" alt=\"\" width=\"300\" height=\"179\" \/><\/a><\/p>\n<p>N\u00e4r vi tr\u00f6ttnade p\u00e5 att bada s\u00e5 gick vi till lekplatsen och gungade lite.<\/p>\n<p><img loading=\"lazy\" decoding=\"async\" class=\"aligncenter size-medium wp-image-1204\" title=\"IMAG0527\" src=\"https:\/\/www.thelins.se\/lisa\/blog\/wp-content\/uploads\/2011\/07\/IMAG0527-179x300.jpg\" alt=\"\" width=\"179\" height=\"300\" srcset=\"https:\/\/www.thelins.se\/lisa\/blog\/wp-content\/uploads\/2011\/07\/IMAG0527-179x300.jpg 179w, https:\/\/www.thelins.se\/lisa\/blog\/wp-content\/uploads\/2011\/07\/IMAG0527-613x1024.jpg 613w, https:\/\/www.thelins.se\/lisa\/blog\/wp-content\/uploads\/2011\/07\/IMAG0527-59x100.jpg 59w, https:\/\/www.thelins.se\/lisa\/blog\/wp-content\/uploads\/2011\/07\/IMAG0527-89x150.jpg 89w, https:\/\/www.thelins.se\/lisa\/blog\/wp-content\/uploads\/2011\/07\/IMAG0527.jpg 1552w\" sizes=\"auto, (max-width: 179px) 100vw, 179px\" \/><\/p>\n<p>\u00a0D\u00e4r fanns \u00e4ven en stor studsmatta som jag provade. F\u00f6rst provade jag att hoppa p\u00e5 rumpan&#8230;<\/p>\n<p><a href=\"https:\/\/www.thelins.se\/lisa\/blog\/wp-content\/uploads\/2011\/07\/IMAG0555.jpg\"><img loading=\"lazy\" decoding=\"async\" class=\"aligncenter size-medium wp-image-1207\" title=\"IMAG0555\" src=\"https:\/\/www.thelins.se\/lisa\/blog\/wp-content\/uploads\/2011\/07\/IMAG0555-179x300.jpg\" alt=\"\" width=\"179\" height=\"300\" srcset=\"https:\/\/www.thelins.se\/lisa\/blog\/wp-content\/uploads\/2011\/07\/IMAG0555-179x300.jpg 179w, https:\/\/www.thelins.se\/lisa\/blog\/wp-content\/uploads\/2011\/07\/IMAG0555-613x1024.jpg 613w, https:\/\/www.thelins.se\/lisa\/blog\/wp-content\/uploads\/2011\/07\/IMAG0555-59x100.jpg 59w, https:\/\/www.thelins.se\/lisa\/blog\/wp-content\/uploads\/2011\/07\/IMAG0555-89x150.jpg 89w, https:\/\/www.thelins.se\/lisa\/blog\/wp-content\/uploads\/2011\/07\/IMAG0555.jpg 1552w\" sizes=\"auto, (max-width: 179px) 100vw, 179px\" \/><\/a><\/p>\n<p>\u00a0&#8230;sedan provade jag att hoppa p\u00e5 f\u00f6tterna.<\/p>\n<p><a href=\"https:\/\/www.thelins.se\/lisa\/blog\/wp-content\/uploads\/2011\/07\/IMAG0550.jpg\"><img loading=\"lazy\" decoding=\"async\" class=\"aligncenter size-medium wp-image-1206\" title=\"IMAG0550\" src=\"https:\/\/www.thelins.se\/lisa\/blog\/wp-content\/uploads\/2011\/07\/IMAG0550-179x300.jpg\" alt=\"\" width=\"179\" height=\"300\" srcset=\"https:\/\/www.thelins.se\/lisa\/blog\/wp-content\/uploads\/2011\/07\/IMAG0550-179x300.jpg 179w, https:\/\/www.thelins.se\/lisa\/blog\/wp-content\/uploads\/2011\/07\/IMAG0550-613x1024.jpg 613w, https:\/\/www.thelins.se\/lisa\/blog\/wp-content\/uploads\/2011\/07\/IMAG0550-59x100.jpg 59w, https:\/\/www.thelins.se\/lisa\/blog\/wp-content\/uploads\/2011\/07\/IMAG0550-89x150.jpg 89w, https:\/\/www.thelins.se\/lisa\/blog\/wp-content\/uploads\/2011\/07\/IMAG0550.jpg 1552w\" sizes=\"auto, (max-width: 179px) 100vw, 179px\" \/><\/a><\/p>\n<p>Jag och min kompis Alma hade solglas\u00f6gon med oss till stranden.\u00a0Se s\u00e5 coola vi ser ut.<\/p>\n<p><a href=\"https:\/\/www.thelins.se\/lisa\/blog\/wp-content\/uploads\/2011\/07\/IMAG0524.jpg\"><img loading=\"lazy\" decoding=\"async\" class=\"aligncenter size-medium wp-image-1203\" title=\"IMAG0524\" src=\"https:\/\/www.thelins.se\/lisa\/blog\/wp-content\/uploads\/2011\/07\/IMAG0524-300x179.jpg\" alt=\"\" width=\"300\" height=\"179\" srcset=\"https:\/\/www.thelins.se\/lisa\/blog\/wp-content\/uploads\/2011\/07\/IMAG0524-300x179.jpg 300w, https:\/\/www.thelins.se\/lisa\/blog\/wp-content\/uploads\/2011\/07\/IMAG0524-1024x613.jpg 1024w, https:\/\/www.thelins.se\/lisa\/blog\/wp-content\/uploads\/2011\/07\/IMAG0524-100x59.jpg 100w, https:\/\/www.thelins.se\/lisa\/blog\/wp-content\/uploads\/2011\/07\/IMAG0524-150x89.jpg 150w\" sizes=\"auto, (max-width: 300px) 100vw, 300px\" \/><\/a>\/L<\/p>\n","protected":false},"excerpt":{"rendered":"<p>Hej alla, F\u00f6r n\u00e5gra dagar sedan var jag med Alma och badade i Lygnared. Mamma hade dock lite sv\u00e5rt att f\u00e5 sk\u00e4rpa p\u00e5 mig n\u00e4r jag hoppar fr\u00e5n bryggan. Mitt plask i vattnet blev ett b\u00e4ttre kort. V\u00e5ra pappor var med oss i vattnet men v\u00e5ra mammor tyckte att det var f\u00f6r kallt&#8230; N\u00e4r vi&hellip;<\/p>\n","protected":false},"author":2,"featured_media":0,"comment_status":"closed","ping_status":"closed","sticky":false,"template":"","format":"standard","meta":{"footnotes":""},"categories":[1],"tags":[],"class_list":["post-1199","post","type-post","status-publish","format-standard","hentry","category-uncategorized"],"_links":{"self":[{"href":"https:\/\/www.thelins.se\/lisa\/blog\/wp-json\/wp\/v2\/posts\/1199","targetHints":{"allow":["GET"]}}],"collection":[{"href":"https:\/\/www.thelins.se\/lisa\/blog\/wp-json\/wp\/v2\/posts"}],"about":[{"href":"https:\/\/www.thelins.se\/lisa\/blog\/wp-json\/wp\/v2\/types\/post"}],"author":[{"embeddable":true,"href":"https:\/\/www.thelins.se\/lisa\/blog\/wp-json\/wp\/v2\/users\/2"}],"replies":[{"embeddable":true,"href":"https:\/\/www.thelins.se\/lisa\/blog\/wp-json\/wp\/v2\/comments?post=1199"}],"version-history":[{"count":8,"href":"https:\/\/www.thelins.se\/lisa\/blog\/wp-json\/wp\/v2\/posts\/1199\/revisions"}],"predecessor-version":[{"id":1215,"href":"https:\/\/www.thelins.se\/lisa\/blog\/wp-json\/wp\/v2\/posts\/1199\/revisions\/1215"}],"wp:attachment":[{"href":"https:\/\/www.thelins.se\/lisa\/blog\/wp-json\/wp\/v2\/media?parent=1199"}],"wp:term":[{"taxonomy":"category","embeddable":true,"href":"https:\/\/www.thelins.se\/lisa\/blog\/wp-json\/wp\/v2\/categories?post=1199"},{"taxonomy":"post_tag","embeddable":true,"href":"https:\/\/www.thelins.se\/lisa\/blog\/wp-json\/wp\/v2\/tags?post=1199"}],"curies":[{"name":"wp","href":"https:\/\/api.w.org\/{rel}","templated":true}]}}