{"id":1178,"date":"2011-07-24T16:26:21","date_gmt":"2011-07-24T14:26:21","guid":{"rendered":"http:\/\/www.thelins.se\/lisa\/blog\/?p=1178"},"modified":"2011-07-24T16:26:21","modified_gmt":"2011-07-24T14:26:21","slug":"stockholm-del-2","status":"publish","type":"post","link":"https:\/\/www.thelins.se\/lisa\/blog\/2011\/07\/stockholm-del-2\/","title":{"rendered":"Stockholm del 2"},"content":{"rendered":"<p>Hej alla,<\/p>\n<p>P\u00e5 Skansen hade de en stor lekplats ocks\u00e5 som jag testade. Rutschkanan var ganska brant s\u00e5 jag fick bromsa lite.<\/p>\n<p><a href=\"https:\/\/www.thelins.se\/lisa\/blog\/wp-content\/uploads\/2011\/07\/P1030292.jpg\"><img loading=\"lazy\" decoding=\"async\" class=\"aligncenter size-medium wp-image-1169\" title=\"P1030292\" src=\"https:\/\/www.thelins.se\/lisa\/blog\/wp-content\/uploads\/2011\/07\/P1030292-225x300.jpg\" alt=\"\" width=\"225\" height=\"300\" srcset=\"https:\/\/www.thelins.se\/lisa\/blog\/wp-content\/uploads\/2011\/07\/P1030292-225x300.jpg 225w, https:\/\/www.thelins.se\/lisa\/blog\/wp-content\/uploads\/2011\/07\/P1030292-768x1024.jpg 768w, https:\/\/www.thelins.se\/lisa\/blog\/wp-content\/uploads\/2011\/07\/P1030292-75x100.jpg 75w, https:\/\/www.thelins.se\/lisa\/blog\/wp-content\/uploads\/2011\/07\/P1030292-112x150.jpg 112w\" sizes=\"auto, (max-width: 225px) 100vw, 225px\" \/><\/a><\/p>\n<p>De hade en rolig gunga ocks\u00e5 som kunde \u00e5ka \u00e5t alla h\u00e5ll. Det g\u00e4llde att h\u00e5lla sig i ordentligt.<\/p>\n<p><a href=\"https:\/\/www.thelins.se\/lisa\/blog\/wp-content\/uploads\/2011\/07\/P1030298.jpg\"><img loading=\"lazy\" decoding=\"async\" class=\"aligncenter size-medium wp-image-1174\" title=\"P1030298\" src=\"https:\/\/www.thelins.se\/lisa\/blog\/wp-content\/uploads\/2011\/07\/P1030298-300x225.jpg\" alt=\"\" width=\"300\" height=\"225\" srcset=\"https:\/\/www.thelins.se\/lisa\/blog\/wp-content\/uploads\/2011\/07\/P1030298-300x225.jpg 300w, https:\/\/www.thelins.se\/lisa\/blog\/wp-content\/uploads\/2011\/07\/P1030298-1024x768.jpg 1024w, https:\/\/www.thelins.se\/lisa\/blog\/wp-content\/uploads\/2011\/07\/P1030298-100x75.jpg 100w, https:\/\/www.thelins.se\/lisa\/blog\/wp-content\/uploads\/2011\/07\/P1030298-150x112.jpg 150w\" sizes=\"auto, (max-width: 300px) 100vw, 300px\" \/><\/a><\/p>\n<p>De hade \u00e4ven en stor kl\u00e4tterst\u00e4llning av rep. Den var sv\u00e5r att kl\u00e4ttra p\u00e5 men det gick tillslut.<\/p>\n<p><a href=\"https:\/\/www.thelins.se\/lisa\/blog\/wp-content\/uploads\/2011\/07\/P1030296.jpg\"><img loading=\"lazy\" decoding=\"async\" class=\"aligncenter size-medium wp-image-1175\" title=\"P1030296\" src=\"https:\/\/www.thelins.se\/lisa\/blog\/wp-content\/uploads\/2011\/07\/P1030296-225x300.jpg\" alt=\"\" width=\"225\" height=\"300\" srcset=\"https:\/\/www.thelins.se\/lisa\/blog\/wp-content\/uploads\/2011\/07\/P1030296-225x300.jpg 225w, https:\/\/www.thelins.se\/lisa\/blog\/wp-content\/uploads\/2011\/07\/P1030296-768x1024.jpg 768w, https:\/\/www.thelins.se\/lisa\/blog\/wp-content\/uploads\/2011\/07\/P1030296-75x100.jpg 75w, https:\/\/www.thelins.se\/lisa\/blog\/wp-content\/uploads\/2011\/07\/P1030296-112x150.jpg 112w\" sizes=\"auto, (max-width: 225px) 100vw, 225px\" \/><\/a><\/p>\n<p>N\u00e4r vi gick tillbaka till hotellet fr\u00e5n Skansen somnade jag i sulkyn. Jag var helt slut.<\/p>\n<p><img loading=\"lazy\" decoding=\"async\" class=\"aligncenter\" title=\"P1030306\" src=\"https:\/\/www.thelins.se\/lisa\/blog\/wp-content\/uploads\/2011\/07\/P1030306-225x300.jpg\" alt=\"\" width=\"225\" height=\"300\" \/><\/p>\n<p>N\u00e4r vi kom tillbaka till hotellet var jag tvungen att duscha f\u00f6r mina f\u00f6tter och h\u00e4nder var helt svarta av smuts.<\/p>\n<p><img loading=\"lazy\" decoding=\"async\" class=\"aligncenter\" title=\"P1030322\" src=\"https:\/\/www.thelins.se\/lisa\/blog\/wp-content\/uploads\/2011\/07\/P1030322-225x300.jpg\" alt=\"\" width=\"225\" height=\"300\" \/><\/p>\n<p>Sista dagen regnade det. Eftersom det inte fanns n\u00e5gra gungor p\u00e5 Skansen och jag hade inte f\u00e5tt gunga p\u00e5 tv\u00e5 dagar s\u00e5 var mamma och pappa tvugna att leta upp en lekplats med gungor p\u00e5. Tillslut hittade vi en lekplats i Vasastan men de hade bara babygungor&#8230;<\/p>\n<p><a href=\"https:\/\/www.thelins.se\/lisa\/blog\/wp-content\/uploads\/2011\/07\/IMAG0461.jpg\"><img loading=\"lazy\" decoding=\"async\" class=\"aligncenter size-medium wp-image-1154\" title=\"IMAG0461\" src=\"https:\/\/www.thelins.se\/lisa\/blog\/wp-content\/uploads\/2011\/07\/IMAG0461-179x300.jpg\" alt=\"\" width=\"179\" height=\"300\" srcset=\"https:\/\/www.thelins.se\/lisa\/blog\/wp-content\/uploads\/2011\/07\/IMAG0461-179x300.jpg 179w, https:\/\/www.thelins.se\/lisa\/blog\/wp-content\/uploads\/2011\/07\/IMAG0461-613x1024.jpg 613w, https:\/\/www.thelins.se\/lisa\/blog\/wp-content\/uploads\/2011\/07\/IMAG0461-59x100.jpg 59w, https:\/\/www.thelins.se\/lisa\/blog\/wp-content\/uploads\/2011\/07\/IMAG0461-89x150.jpg 89w, https:\/\/www.thelins.se\/lisa\/blog\/wp-content\/uploads\/2011\/07\/IMAG0461.jpg 1552w\" sizes=\"auto, (max-width: 179px) 100vw, 179px\" \/><\/a><\/p>\n<p>D\u00e4r fanns dock roliga studsmattor som var inspr\u00e4ngda i stora kullar. De var roliga att hoppa p\u00e5.<\/p>\n<p><a href=\"https:\/\/www.thelins.se\/lisa\/blog\/wp-content\/uploads\/2011\/07\/IMAG0466.jpg\"><img loading=\"lazy\" decoding=\"async\" class=\"aligncenter size-medium wp-image-1155\" title=\"IMAG0466\" src=\"https:\/\/www.thelins.se\/lisa\/blog\/wp-content\/uploads\/2011\/07\/IMAG0466-179x300.jpg\" alt=\"\" width=\"179\" height=\"300\" srcset=\"https:\/\/www.thelins.se\/lisa\/blog\/wp-content\/uploads\/2011\/07\/IMAG0466-179x300.jpg 179w, https:\/\/www.thelins.se\/lisa\/blog\/wp-content\/uploads\/2011\/07\/IMAG0466-613x1024.jpg 613w, https:\/\/www.thelins.se\/lisa\/blog\/wp-content\/uploads\/2011\/07\/IMAG0466-59x100.jpg 59w, https:\/\/www.thelins.se\/lisa\/blog\/wp-content\/uploads\/2011\/07\/IMAG0466-89x150.jpg 89w, https:\/\/www.thelins.se\/lisa\/blog\/wp-content\/uploads\/2011\/07\/IMAG0466.jpg 1552w\" sizes=\"auto, (max-width: 179px) 100vw, 179px\" \/><\/a><\/p>\n<p>De hade \u00e4ven en kl\u00e4tterst\u00e4llning i n\u00e4t som n\u00e4stan var lika rolig att kl\u00e4ttra p\u00e5 som den p\u00e5 Skansen.<\/p>\n<p><a href=\"https:\/\/www.thelins.se\/lisa\/blog\/wp-content\/uploads\/2011\/07\/IMAG0468.jpg\"><img loading=\"lazy\" decoding=\"async\" class=\"aligncenter size-medium wp-image-1156\" title=\"IMAG0468\" src=\"https:\/\/www.thelins.se\/lisa\/blog\/wp-content\/uploads\/2011\/07\/IMAG0468-179x300.jpg\" alt=\"\" width=\"179\" height=\"300\" srcset=\"https:\/\/www.thelins.se\/lisa\/blog\/wp-content\/uploads\/2011\/07\/IMAG0468-179x300.jpg 179w, https:\/\/www.thelins.se\/lisa\/blog\/wp-content\/uploads\/2011\/07\/IMAG0468-613x1024.jpg 613w, https:\/\/www.thelins.se\/lisa\/blog\/wp-content\/uploads\/2011\/07\/IMAG0468-59x100.jpg 59w, https:\/\/www.thelins.se\/lisa\/blog\/wp-content\/uploads\/2011\/07\/IMAG0468-89x150.jpg 89w, https:\/\/www.thelins.se\/lisa\/blog\/wp-content\/uploads\/2011\/07\/IMAG0468.jpg 1552w\" sizes=\"auto, (max-width: 179px) 100vw, 179px\" \/><\/a><\/p>\n<p>Bilen som fanns d\u00e4r var nog den leksak jag tyckte b\u00e4st om att leka p\u00e5.<\/p>\n<p><a href=\"https:\/\/www.thelins.se\/lisa\/blog\/wp-content\/uploads\/2011\/07\/IMAG0470.jpg\"><img loading=\"lazy\" decoding=\"async\" class=\"aligncenter size-medium wp-image-1157\" title=\"IMAG0470\" src=\"https:\/\/www.thelins.se\/lisa\/blog\/wp-content\/uploads\/2011\/07\/IMAG0470-179x300.jpg\" alt=\"\" width=\"179\" height=\"300\" srcset=\"https:\/\/www.thelins.se\/lisa\/blog\/wp-content\/uploads\/2011\/07\/IMAG0470-179x300.jpg 179w, https:\/\/www.thelins.se\/lisa\/blog\/wp-content\/uploads\/2011\/07\/IMAG0470-613x1024.jpg 613w, https:\/\/www.thelins.se\/lisa\/blog\/wp-content\/uploads\/2011\/07\/IMAG0470-59x100.jpg 59w, https:\/\/www.thelins.se\/lisa\/blog\/wp-content\/uploads\/2011\/07\/IMAG0470-89x150.jpg 89w, https:\/\/www.thelins.se\/lisa\/blog\/wp-content\/uploads\/2011\/07\/IMAG0470.jpg 1552w\" sizes=\"auto, (max-width: 179px) 100vw, 179px\" \/><\/a><\/p>\n<p>Efter ett tag slutade det att regna och d\u00e5 gick vi och fikade p\u00e5 Thelins konditori.<\/p>\n<p><img loading=\"lazy\" decoding=\"async\" class=\"aligncenter\" title=\"P1030329\" src=\"https:\/\/www.thelins.se\/lisa\/blog\/wp-content\/uploads\/2011\/07\/P1030329-225x300.jpg\" alt=\"\" width=\"225\" height=\"300\" \/><\/p>\n<p>Sedan var vi och shoppade men det var tr\u00e5kigt s\u00e5 d\u00e4rifr\u00e5n finns inga roliga bilder p\u00e5 mig. D\u00e4rf\u00f6r blir n\u00e4sta bild p\u00e5 n\u00e4r jag \u00e5ker t\u00e5get hem igen. Vi fikade p\u00e5 t\u00e5get hem men jag tyckte det var roligare att leka med mina figurer.<\/p>\n<p><a href=\"https:\/\/www.thelins.se\/lisa\/blog\/wp-content\/uploads\/2011\/07\/IMAG0482.jpg\"><img loading=\"lazy\" decoding=\"async\" class=\"aligncenter size-medium wp-image-1158\" title=\"IMAG0482\" src=\"https:\/\/www.thelins.se\/lisa\/blog\/wp-content\/uploads\/2011\/07\/IMAG0482-179x300.jpg\" alt=\"\" width=\"179\" height=\"300\" srcset=\"https:\/\/www.thelins.se\/lisa\/blog\/wp-content\/uploads\/2011\/07\/IMAG0482-179x300.jpg 179w, https:\/\/www.thelins.se\/lisa\/blog\/wp-content\/uploads\/2011\/07\/IMAG0482-613x1024.jpg 613w, https:\/\/www.thelins.se\/lisa\/blog\/wp-content\/uploads\/2011\/07\/IMAG0482-59x100.jpg 59w, https:\/\/www.thelins.se\/lisa\/blog\/wp-content\/uploads\/2011\/07\/IMAG0482-89x150.jpg 89w, https:\/\/www.thelins.se\/lisa\/blog\/wp-content\/uploads\/2011\/07\/IMAG0482.jpg 1552w\" sizes=\"auto, (max-width: 179px) 100vw, 179px\" \/><\/a><\/p>\n<p>N\u00e4r vi n\u00e4stan var hemma tr\u00f6ttnade jag p\u00e5 att sitta p\u00e5 t\u00e5get och b\u00f6rjade busa med pappa.<\/p>\n<p><img loading=\"lazy\" decoding=\"async\" class=\"aligncenter\" title=\"IMAG0485\" src=\"https:\/\/www.thelins.se\/lisa\/blog\/wp-content\/uploads\/2011\/07\/IMAG0485-179x300.jpg\" alt=\"\" width=\"179\" height=\"300\" \/><\/p>\n<p>\/L<\/p>\n","protected":false},"excerpt":{"rendered":"<p>Hej alla, P\u00e5 Skansen hade de en stor lekplats ocks\u00e5 som jag testade. Rutschkanan var ganska brant s\u00e5 jag fick bromsa lite. De hade en rolig gunga ocks\u00e5 som kunde \u00e5ka \u00e5t alla h\u00e5ll. Det g\u00e4llde att h\u00e5lla sig i ordentligt. De hade \u00e4ven en stor kl\u00e4tterst\u00e4llning av rep. Den var sv\u00e5r att kl\u00e4ttra p\u00e5&hellip;<\/p>\n","protected":false},"author":2,"featured_media":0,"comment_status":"closed","ping_status":"closed","sticky":false,"template":"","format":"standard","meta":{"footnotes":""},"categories":[1],"tags":[],"class_list":["post-1178","post","type-post","status-publish","format-standard","hentry","category-uncategorized"],"_links":{"self":[{"href":"https:\/\/www.thelins.se\/lisa\/blog\/wp-json\/wp\/v2\/posts\/1178","targetHints":{"allow":["GET"]}}],"collection":[{"href":"https:\/\/www.thelins.se\/lisa\/blog\/wp-json\/wp\/v2\/posts"}],"about":[{"href":"https:\/\/www.thelins.se\/lisa\/blog\/wp-json\/wp\/v2\/types\/post"}],"author":[{"embeddable":true,"href":"https:\/\/www.thelins.se\/lisa\/blog\/wp-json\/wp\/v2\/users\/2"}],"replies":[{"embeddable":true,"href":"https:\/\/www.thelins.se\/lisa\/blog\/wp-json\/wp\/v2\/comments?post=1178"}],"version-history":[{"count":2,"href":"https:\/\/www.thelins.se\/lisa\/blog\/wp-json\/wp\/v2\/posts\/1178\/revisions"}],"predecessor-version":[{"id":1180,"href":"https:\/\/www.thelins.se\/lisa\/blog\/wp-json\/wp\/v2\/posts\/1178\/revisions\/1180"}],"wp:attachment":[{"href":"https:\/\/www.thelins.se\/lisa\/blog\/wp-json\/wp\/v2\/media?parent=1178"}],"wp:term":[{"taxonomy":"category","embeddable":true,"href":"https:\/\/www.thelins.se\/lisa\/blog\/wp-json\/wp\/v2\/categories?post=1178"},{"taxonomy":"post_tag","embeddable":true,"href":"https:\/\/www.thelins.se\/lisa\/blog\/wp-json\/wp\/v2\/tags?post=1178"}],"curies":[{"name":"wp","href":"https:\/\/api.w.org\/{rel}","templated":true}]}}