{"id":1147,"date":"2011-07-23T16:49:02","date_gmt":"2011-07-23T14:49:02","guid":{"rendered":"http:\/\/www.thelins.se\/lisa\/blog\/?p=1147"},"modified":"2011-07-23T16:49:03","modified_gmt":"2011-07-23T14:49:03","slug":"stockholm-del-1","status":"publish","type":"post","link":"https:\/\/www.thelins.se\/lisa\/blog\/2011\/07\/stockholm-del-1\/","title":{"rendered":"Stockholm del 1"},"content":{"rendered":"<p>Hej alla,<\/p>\n<p>Nu har jag varit i Stockholm med mamma och pappa. Vi \u00e5kte t\u00e5g dit och p\u00e5 t\u00e5get upp p\u00e4rlade jag n\u00e4stan hela tiden.<\/p>\n<p><a href=\"https:\/\/www.thelins.se\/lisa\/blog\/wp-content\/uploads\/2011\/07\/IMAG0424.jpg\"><img loading=\"lazy\" decoding=\"async\" class=\"aligncenter size-medium wp-image-1149\" title=\"IMAG0424\" src=\"https:\/\/www.thelins.se\/lisa\/blog\/wp-content\/uploads\/2011\/07\/IMAG0424-179x300.jpg\" alt=\"\" width=\"179\" height=\"300\" srcset=\"https:\/\/www.thelins.se\/lisa\/blog\/wp-content\/uploads\/2011\/07\/IMAG0424-179x300.jpg 179w, https:\/\/www.thelins.se\/lisa\/blog\/wp-content\/uploads\/2011\/07\/IMAG0424-613x1024.jpg 613w, https:\/\/www.thelins.se\/lisa\/blog\/wp-content\/uploads\/2011\/07\/IMAG0424-59x100.jpg 59w, https:\/\/www.thelins.se\/lisa\/blog\/wp-content\/uploads\/2011\/07\/IMAG0424-89x150.jpg 89w, https:\/\/www.thelins.se\/lisa\/blog\/wp-content\/uploads\/2011\/07\/IMAG0424.jpg 1552w\" sizes=\"auto, (max-width: 179px) 100vw, 179px\" \/><\/a><\/p>\n<p>N\u00e4r vi kommit fram och lagt alla v\u00e5ra v\u00e4skor p\u00e5 hotellet s\u00e5 gick vi och tittade p\u00e5 slottet. Det var stort och hade m\u00e5nga vakter utanf\u00f6r.<\/p>\n<p><img loading=\"lazy\" decoding=\"async\" class=\"aligncenter\" title=\"P1030257\" src=\"https:\/\/www.thelins.se\/lisa\/blog\/wp-content\/uploads\/2011\/07\/P1030257-300x225.jpg\" alt=\"\" width=\"300\" height=\"225\" \/><\/p>\n<p>Sedan visade pappa mig en riktig drake som jag tyckte var sp\u00e4nnande, fast det var ju ingen riktig drake som jag f\u00f6rst trodde&#8230;<\/p>\n<p><img loading=\"lazy\" decoding=\"async\" class=\"aligncenter\" title=\"P1030260\" src=\"https:\/\/www.thelins.se\/lisa\/blog\/wp-content\/uploads\/2011\/07\/P1030260-300x225.jpg\" alt=\"\" width=\"300\" height=\"225\" \/><\/p>\n<p>\u00d6verallt i Stockholm fanns det stora lejon som jag tyckte var roliga att rida p\u00e5.<\/p>\n<p><img loading=\"lazy\" decoding=\"async\" class=\"aligncenter\" title=\"P1030262\" src=\"https:\/\/www.thelins.se\/lisa\/blog\/wp-content\/uploads\/2011\/07\/P1030262-225x300.jpg\" alt=\"\" width=\"225\" height=\"300\" \/><\/p>\n<p>Sedan gick vi och tittade p\u00e5 plattan. D\u00e4r var det n\u00e5gra som spelade p\u00e5 trummor som jag tyckte om att titta p\u00e5.<\/p>\n<p><img loading=\"lazy\" decoding=\"async\" class=\"aligncenter\" title=\"IMAG0446\" src=\"https:\/\/www.thelins.se\/lisa\/blog\/wp-content\/uploads\/2011\/07\/IMAG0446-179x300.jpg\" alt=\"\" width=\"179\" height=\"300\" \/><\/p>\n<p>P\u00e5 kv\u00e4llen \u00e5t vi ute. Det var gott. Jag \u00e5t pommesfrites med ketchup och grillkrydda. Mums.<\/p>\n<p><img loading=\"lazy\" decoding=\"async\" class=\"aligncenter\" title=\"IMAG0436\" src=\"https:\/\/www.thelins.se\/lisa\/blog\/wp-content\/uploads\/2011\/07\/IMAG0436-179x300.jpg\" alt=\"\" width=\"179\" height=\"300\" \/><\/p>\n<p>N\u00e4sta dag \u00e5kte vi till Skansen f\u00f6r att titta p\u00e5 alla djur. Det var v\u00e4ldigt varmt den dagen s\u00e5 vi b\u00f6rjade med att k\u00e4ka lite glass. Mammas glass var mycket godare \u00e4n min s\u00e5 jag \u00e5t av den ist\u00e4llet fast det var samma sort&#8230;<\/p>\n<p><img loading=\"lazy\" decoding=\"async\" class=\"aligncenter\" title=\"P1030275\" src=\"https:\/\/www.thelins.se\/lisa\/blog\/wp-content\/uploads\/2011\/07\/P1030275-225x300.jpg\" alt=\"\" width=\"225\" height=\"300\" \/><\/p>\n<p>Sedan \u00e5kte jag och mamma en karusell. Det var kul men mamma blev ganska yr&#8230;<\/p>\n<p><img loading=\"lazy\" decoding=\"async\" class=\"aligncenter\" title=\"IMAG0452\" src=\"https:\/\/www.thelins.se\/lisa\/blog\/wp-content\/uploads\/2011\/07\/IMAG0452-179x300.jpg\" alt=\"\" width=\"179\" height=\"300\" \/><\/p>\n<p>Sedan gick vi in p\u00e5 ett st\u00e4lle d\u00e4r man kunde komma v\u00e4ldigt n\u00e4ra djuren och jag v\u00e5gade n\u00e4stan klappa en lemur.<\/p>\n<p><img loading=\"lazy\" decoding=\"async\" class=\"aligncenter\" title=\"P1030273\" src=\"https:\/\/www.thelins.se\/lisa\/blog\/wp-content\/uploads\/2011\/07\/P1030273-300x225.jpg\" alt=\"\" width=\"300\" height=\"225\" \/><\/p>\n<p>Aporna fick man inte g\u00e5 in till f\u00f6r det var glas emellan men det var kul att titta p\u00e5 dem \u00e4nd\u00e5.<\/p>\n<p><img loading=\"lazy\" decoding=\"async\" class=\"aligncenter\" title=\"P1030266\" src=\"https:\/\/www.thelins.se\/lisa\/blog\/wp-content\/uploads\/2011\/07\/P1030266-300x225.jpg\" alt=\"\" width=\"300\" height=\"225\" \/><\/p>\n<p>Mamma och jag tittade p\u00e5 en krokodil. Jag fattade inte riktigt att den var levande f\u00f6r den sov mest hela tiden.<\/p>\n<p><img loading=\"lazy\" decoding=\"async\" class=\"aligncenter\" title=\"P1030268\" src=\"https:\/\/www.thelins.se\/lisa\/blog\/wp-content\/uploads\/2011\/07\/P1030268-300x225.jpg\" alt=\"\" width=\"300\" height=\"225\" \/><\/p>\n<p>Efter det kom vi till ett av mina favoritdjur, kossorna. Jag kan st\u00e5 och titta p\u00e5 kossor hur l\u00e4nge som helst.<\/p>\n<p><img loading=\"lazy\" decoding=\"async\" class=\"aligncenter\" title=\"P1030278\" src=\"https:\/\/www.thelins.se\/lisa\/blog\/wp-content\/uploads\/2011\/07\/P1030278-225x300.jpg\" alt=\"\" width=\"225\" height=\"300\" \/><\/p>\n<p>F\u00e5ren kunde jag se fr\u00e5n riktigt n\u00e4ra h\u00e5ll de med. Synd att de inte kom n\u00e4rmare f\u00f6r d\u00e5 hade jag kanske v\u00e5gat klappa dem.<\/p>\n<p><img loading=\"lazy\" decoding=\"async\" class=\"aligncenter\" title=\"P1030280\" src=\"https:\/\/www.thelins.se\/lisa\/blog\/wp-content\/uploads\/2011\/07\/P1030280-225x300.jpg\" alt=\"\" width=\"225\" height=\"300\" \/><\/p>\n<p>N\u00e4r vi kom till bj\u00f6rnarna s\u00e5 badade de. Det var kul att se dem plaska runt i vattnet.<\/p>\n<p><img loading=\"lazy\" decoding=\"async\" class=\"aligncenter\" title=\"IMAG0457\" src=\"https:\/\/www.thelins.se\/lisa\/blog\/wp-content\/uploads\/2011\/07\/IMAG0457-179x300.jpg\" alt=\"\" width=\"179\" height=\"300\" \/><\/p>\n<p>Fler bilder kommer snart&#8230;<\/p>\n<p>\/L<\/p>\n","protected":false},"excerpt":{"rendered":"<p>Hej alla, Nu har jag varit i Stockholm med mamma och pappa. Vi \u00e5kte t\u00e5g dit och p\u00e5 t\u00e5get upp p\u00e4rlade jag n\u00e4stan hela tiden. N\u00e4r vi kommit fram och lagt alla v\u00e5ra v\u00e4skor p\u00e5 hotellet s\u00e5 gick vi och tittade p\u00e5 slottet. Det var stort och hade m\u00e5nga vakter utanf\u00f6r. Sedan visade pappa mig&hellip;<\/p>\n","protected":false},"author":2,"featured_media":0,"comment_status":"closed","ping_status":"closed","sticky":false,"template":"","format":"standard","meta":{"footnotes":""},"categories":[1],"tags":[],"class_list":["post-1147","post","type-post","status-publish","format-standard","hentry","category-uncategorized"],"_links":{"self":[{"href":"https:\/\/www.thelins.se\/lisa\/blog\/wp-json\/wp\/v2\/posts\/1147","targetHints":{"allow":["GET"]}}],"collection":[{"href":"https:\/\/www.thelins.se\/lisa\/blog\/wp-json\/wp\/v2\/posts"}],"about":[{"href":"https:\/\/www.thelins.se\/lisa\/blog\/wp-json\/wp\/v2\/types\/post"}],"author":[{"embeddable":true,"href":"https:\/\/www.thelins.se\/lisa\/blog\/wp-json\/wp\/v2\/users\/2"}],"replies":[{"embeddable":true,"href":"https:\/\/www.thelins.se\/lisa\/blog\/wp-json\/wp\/v2\/comments?post=1147"}],"version-history":[{"count":3,"href":"https:\/\/www.thelins.se\/lisa\/blog\/wp-json\/wp\/v2\/posts\/1147\/revisions"}],"predecessor-version":[{"id":1177,"href":"https:\/\/www.thelins.se\/lisa\/blog\/wp-json\/wp\/v2\/posts\/1147\/revisions\/1177"}],"wp:attachment":[{"href":"https:\/\/www.thelins.se\/lisa\/blog\/wp-json\/wp\/v2\/media?parent=1147"}],"wp:term":[{"taxonomy":"category","embeddable":true,"href":"https:\/\/www.thelins.se\/lisa\/blog\/wp-json\/wp\/v2\/categories?post=1147"},{"taxonomy":"post_tag","embeddable":true,"href":"https:\/\/www.thelins.se\/lisa\/blog\/wp-json\/wp\/v2\/tags?post=1147"}],"curies":[{"name":"wp","href":"https:\/\/api.w.org\/{rel}","templated":true}]}}