{"id":1133,"date":"2011-07-17T09:20:41","date_gmt":"2011-07-17T07:20:41","guid":{"rendered":"http:\/\/www.thelins.se\/lisa\/blog\/?p=1133"},"modified":"2011-07-17T09:20:41","modified_gmt":"2011-07-17T07:20:41","slug":"riddarveckan-med-alma","status":"publish","type":"post","link":"https:\/\/www.thelins.se\/lisa\/blog\/2011\/07\/riddarveckan-med-alma\/","title":{"rendered":"Riddarveckan med Alma"},"content":{"rendered":"<p>Hej alla,<\/p>\n<p>Alma kom med sin mamma och pappa och bes\u00f6kte mig i Otterberget. Det var riddarveckan d\u00e5 s\u00e5 vi var d\u00e4r och tittade men det som var roligast var att leka p\u00e5 lekplatsen.<\/p>\n<p><a href=\"https:\/\/www.thelins.se\/lisa\/blog\/wp-content\/uploads\/2011\/07\/IMAG0389.jpg\"><img loading=\"lazy\" decoding=\"async\" class=\"aligncenter\" title=\"IMAG0354\" src=\"https:\/\/www.thelins.se\/lisa\/blog\/wp-content\/uploads\/2011\/07\/IMAG0354-179x300.jpg\" alt=\"\" width=\"179\" height=\"300\" \/><\/a><\/p>\n<p>Det fanns massa roliga kl\u00e4tterst\u00e4llningar som jag och Alma provade.<\/p>\n<p><a href=\"https:\/\/www.thelins.se\/lisa\/blog\/wp-content\/uploads\/2011\/07\/IMAG0357.jpg\"><img loading=\"lazy\" decoding=\"async\" class=\"aligncenter size-medium wp-image-1135\" title=\"IMAG0357\" src=\"https:\/\/www.thelins.se\/lisa\/blog\/wp-content\/uploads\/2011\/07\/IMAG0357-179x300.jpg\" alt=\"\" width=\"179\" height=\"300\" srcset=\"https:\/\/www.thelins.se\/lisa\/blog\/wp-content\/uploads\/2011\/07\/IMAG0357-179x300.jpg 179w, https:\/\/www.thelins.se\/lisa\/blog\/wp-content\/uploads\/2011\/07\/IMAG0357-613x1024.jpg 613w, https:\/\/www.thelins.se\/lisa\/blog\/wp-content\/uploads\/2011\/07\/IMAG0357-59x100.jpg 59w, https:\/\/www.thelins.se\/lisa\/blog\/wp-content\/uploads\/2011\/07\/IMAG0357-89x150.jpg 89w, https:\/\/www.thelins.se\/lisa\/blog\/wp-content\/uploads\/2011\/07\/IMAG0357.jpg 1552w\" sizes=\"auto, (max-width: 179px) 100vw, 179px\" \/><\/a><\/p>\n<p>Vi \u00e5kte \u00e4ven och tittade p\u00e5 en sluss med Alma. Det var sp\u00e4nnande att se hur b\u00e5tarna \u00e5kte hiss i vattnet.<\/p>\n<p><a href=\"https:\/\/www.thelins.se\/lisa\/blog\/wp-content\/uploads\/2011\/07\/IMAG0368.jpg\"><img loading=\"lazy\" decoding=\"async\" class=\"aligncenter size-medium wp-image-1136\" title=\"IMAG0368\" src=\"https:\/\/www.thelins.se\/lisa\/blog\/wp-content\/uploads\/2011\/07\/IMAG0368-179x300.jpg\" alt=\"\" width=\"179\" height=\"300\" srcset=\"https:\/\/www.thelins.se\/lisa\/blog\/wp-content\/uploads\/2011\/07\/IMAG0368-179x300.jpg 179w, https:\/\/www.thelins.se\/lisa\/blog\/wp-content\/uploads\/2011\/07\/IMAG0368-613x1024.jpg 613w, https:\/\/www.thelins.se\/lisa\/blog\/wp-content\/uploads\/2011\/07\/IMAG0368-59x100.jpg 59w, https:\/\/www.thelins.se\/lisa\/blog\/wp-content\/uploads\/2011\/07\/IMAG0368-89x150.jpg 89w, https:\/\/www.thelins.se\/lisa\/blog\/wp-content\/uploads\/2011\/07\/IMAG0368.jpg 1552w\" sizes=\"auto, (max-width: 179px) 100vw, 179px\" \/><\/a><\/p>\n<p>N\u00e4r Alma \u00e5kt hem gick jag och mamma och pappa ut p\u00e5 en skogspromenad och plockade blommor.<\/p>\n<p><a href=\"https:\/\/www.thelins.se\/lisa\/blog\/wp-content\/uploads\/2011\/07\/IMAG0377.jpg\"><img loading=\"lazy\" decoding=\"async\" class=\"aligncenter size-medium wp-image-1137\" title=\"IMAG0377\" src=\"https:\/\/www.thelins.se\/lisa\/blog\/wp-content\/uploads\/2011\/07\/IMAG0377-179x300.jpg\" alt=\"\" width=\"179\" height=\"300\" srcset=\"https:\/\/www.thelins.se\/lisa\/blog\/wp-content\/uploads\/2011\/07\/IMAG0377-179x300.jpg 179w, https:\/\/www.thelins.se\/lisa\/blog\/wp-content\/uploads\/2011\/07\/IMAG0377-613x1024.jpg 613w, https:\/\/www.thelins.se\/lisa\/blog\/wp-content\/uploads\/2011\/07\/IMAG0377-59x100.jpg 59w, https:\/\/www.thelins.se\/lisa\/blog\/wp-content\/uploads\/2011\/07\/IMAG0377-89x150.jpg 89w, https:\/\/www.thelins.se\/lisa\/blog\/wp-content\/uploads\/2011\/07\/IMAG0377.jpg 1552w\" sizes=\"auto, (max-width: 179px) 100vw, 179px\" \/><\/a><\/p>\n<p>Sedan f\u00f6rs\u00f6kte pappa l\u00e4ra mig att kasta macka med stenar men jag lyckades bara f\u00e5 ett plums men det var roligt \u00e4nd\u00e5.<\/p>\n<p><img loading=\"lazy\" decoding=\"async\" class=\"aligncenter\" title=\"IMAG0389\" src=\"https:\/\/www.thelins.se\/lisa\/blog\/wp-content\/uploads\/2011\/07\/IMAG0389-179x300.jpg\" alt=\"\" width=\"179\" height=\"300\" \/><\/p>\n<p>\/L<\/p>\n","protected":false},"excerpt":{"rendered":"<p>Hej alla, Alma kom med sin mamma och pappa och bes\u00f6kte mig i Otterberget. Det var riddarveckan d\u00e5 s\u00e5 vi var d\u00e4r och tittade men det som var roligast var att leka p\u00e5 lekplatsen. Det fanns massa roliga kl\u00e4tterst\u00e4llningar som jag och Alma provade. Vi \u00e5kte \u00e4ven och tittade p\u00e5 en sluss med Alma. Det&hellip;<\/p>\n","protected":false},"author":2,"featured_media":0,"comment_status":"closed","ping_status":"closed","sticky":false,"template":"","format":"standard","meta":{"footnotes":""},"categories":[1],"tags":[],"class_list":["post-1133","post","type-post","status-publish","format-standard","hentry","category-uncategorized"],"_links":{"self":[{"href":"https:\/\/www.thelins.se\/lisa\/blog\/wp-json\/wp\/v2\/posts\/1133","targetHints":{"allow":["GET"]}}],"collection":[{"href":"https:\/\/www.thelins.se\/lisa\/blog\/wp-json\/wp\/v2\/posts"}],"about":[{"href":"https:\/\/www.thelins.se\/lisa\/blog\/wp-json\/wp\/v2\/types\/post"}],"author":[{"embeddable":true,"href":"https:\/\/www.thelins.se\/lisa\/blog\/wp-json\/wp\/v2\/users\/2"}],"replies":[{"embeddable":true,"href":"https:\/\/www.thelins.se\/lisa\/blog\/wp-json\/wp\/v2\/comments?post=1133"}],"version-history":[{"count":2,"href":"https:\/\/www.thelins.se\/lisa\/blog\/wp-json\/wp\/v2\/posts\/1133\/revisions"}],"predecessor-version":[{"id":1140,"href":"https:\/\/www.thelins.se\/lisa\/blog\/wp-json\/wp\/v2\/posts\/1133\/revisions\/1140"}],"wp:attachment":[{"href":"https:\/\/www.thelins.se\/lisa\/blog\/wp-json\/wp\/v2\/media?parent=1133"}],"wp:term":[{"taxonomy":"category","embeddable":true,"href":"https:\/\/www.thelins.se\/lisa\/blog\/wp-json\/wp\/v2\/categories?post=1133"},{"taxonomy":"post_tag","embeddable":true,"href":"https:\/\/www.thelins.se\/lisa\/blog\/wp-json\/wp\/v2\/tags?post=1133"}],"curies":[{"name":"wp","href":"https:\/\/api.w.org\/{rel}","templated":true}]}}