{"id":1100,"date":"2011-07-02T07:55:43","date_gmt":"2011-07-02T05:55:43","guid":{"rendered":"http:\/\/www.thelins.se\/lisa\/blog\/?p=1100"},"modified":"2011-07-02T09:14:37","modified_gmt":"2011-07-02T07:14:37","slug":"besok-fran-nya-zeeland","status":"publish","type":"post","link":"https:\/\/www.thelins.se\/lisa\/blog\/2011\/07\/besok-fran-nya-zeeland\/","title":{"rendered":"Bes\u00f6k fr\u00e5n Nya Zeeland"},"content":{"rendered":"<p><a href=\"https:\/\/www.thelins.se\/lisa\/blog\/wp-content\/uploads\/2011\/06\/P1030201.jpg\"><\/a><a href=\"https:\/\/www.thelins.se\/lisa\/blog\/wp-content\/uploads\/2011\/06\/P1030193.jpg\"><\/a><a href=\"https:\/\/www.thelins.se\/lisa\/blog\/wp-content\/uploads\/2011\/06\/P1030192.jpg\"><\/a><a href=\"https:\/\/www.thelins.se\/lisa\/blog\/wp-content\/uploads\/2011\/06\/P1030191.jpg\"><\/a><a href=\"https:\/\/www.thelins.se\/lisa\/blog\/wp-content\/uploads\/2011\/06\/P1030186.jpg\"><\/a><a href=\"https:\/\/www.thelins.se\/lisa\/blog\/wp-content\/uploads\/2011\/06\/P1030182.jpg\"><\/a><a href=\"https:\/\/www.thelins.se\/lisa\/blog\/wp-content\/uploads\/2011\/06\/P1030181.jpg\"><\/a><a href=\"https:\/\/www.thelins.se\/lisa\/blog\/wp-content\/uploads\/2011\/06\/P1030179.jpg\"><\/a><a href=\"https:\/\/www.thelins.se\/lisa\/blog\/wp-content\/uploads\/2011\/06\/P1030175.jpg\"><\/a><a href=\"https:\/\/www.thelins.se\/lisa\/blog\/wp-content\/uploads\/2011\/06\/P1030167.jpg\"><\/a>Hej alla,<\/p>\n<p>Nu har mamma \u00e4ntligen k\u00f6pt en ny sladd till kameran s\u00e5 att vi kan f\u00e5 \u00f6ver alla kort till datorn fr\u00e5n kameran s\u00e5 att det g\u00e5r att blogga med dem. Nu kommer d\u00e4rf\u00f6r n\u00e5gra kort som \u00e4r ganska gamla. De \u00e4r fr\u00e5n n\u00e4r vi hade bes\u00f6k av Arnes sl\u00e4kt fr\u00e5n Nya Zeeland.<\/p>\n<p>D\u00e5 \u00e5kte vi till botaniska tr\u00e4dg\u00e5rden i G\u00f6teborg med dem. D\u00e4r fanns m\u00e5nga konstiga tr\u00e4d som var som gjorda f\u00f6r att man skulle kl\u00e4ttra i dem.<\/p>\n<p><a href=\"https:\/\/www.thelins.se\/lisa\/blog\/wp-content\/uploads\/2011\/06\/P1030157.jpg\"><img loading=\"lazy\" decoding=\"async\" class=\"aligncenter size-medium wp-image-1101\" title=\"P1030157\" src=\"https:\/\/www.thelins.se\/lisa\/blog\/wp-content\/uploads\/2011\/06\/P1030157-300x225.jpg\" alt=\"\" width=\"300\" height=\"225\" srcset=\"https:\/\/www.thelins.se\/lisa\/blog\/wp-content\/uploads\/2011\/06\/P1030157-300x225.jpg 300w, https:\/\/www.thelins.se\/lisa\/blog\/wp-content\/uploads\/2011\/06\/P1030157-1024x768.jpg 1024w, https:\/\/www.thelins.se\/lisa\/blog\/wp-content\/uploads\/2011\/06\/P1030157-100x75.jpg 100w, https:\/\/www.thelins.se\/lisa\/blog\/wp-content\/uploads\/2011\/06\/P1030157-150x112.jpg 150w\" sizes=\"auto, (max-width: 300px) 100vw, 300px\" \/><\/a><\/p>\n<p>I tr\u00e4dg\u00e5rden hade de ett st\u00e4lle d\u00e4r man kunde dricka vatten. Det var lite sv\u00e5rt s\u00e5 farfar fick hj\u00e4lpa mig. Man tryckte p\u00e5 en knapp och d\u00e5 kom det en str\u00e5le med vatten som man kunde dricka. Det var kul och jag blev bl\u00f6t hela jag. Tur att det var soligt ute s\u00e5 att det torkade snabbt.<\/p>\n<p><img loading=\"lazy\" decoding=\"async\" class=\"aligncenter\" title=\"P1030162\" src=\"https:\/\/www.thelins.se\/lisa\/blog\/wp-content\/uploads\/2011\/06\/P1030162-300x225.jpg\" alt=\"\" width=\"300\" height=\"225\" \/><\/p>\n<p>Det fanns en damm d\u00e4r med stenar i s\u00e5 man kunde g\u00e5 rakt \u00f6ver. Det var ganska l\u00e5ngt mellan stenarna s\u00e5 det var lite sv\u00e5rt n\u00e4r man har s\u00e5 korta ben som jag har.<\/p>\n<p><img loading=\"lazy\" decoding=\"async\" class=\"aligncenter\" title=\"P1030167\" src=\"https:\/\/www.thelins.se\/lisa\/blog\/wp-content\/uploads\/2011\/06\/P1030167-300x225.jpg\" alt=\"\" width=\"300\" height=\"225\" \/><\/p>\n<p>P\u00e5 ett st\u00e4lle fanns det ett litet berg. Jag vet inte om det syns s\u00e5 bra p\u00e5 kortet men jag sm\u00f6g mig iv\u00e4g fr\u00e5n mamma och pappa och n\u00e4r de uppt\u00e4ckte mig s\u00e5 var jag halvv\u00e4gs uppe p\u00e5 berget redan.<\/p>\n<p><img loading=\"lazy\" decoding=\"async\" class=\"aligncenter\" title=\"P1030175\" src=\"https:\/\/www.thelins.se\/lisa\/blog\/wp-content\/uploads\/2011\/06\/P1030175-300x225.jpg\" alt=\"\" width=\"300\" height=\"225\" \/><\/p>\n<p>L\u00e4ngst ner i tr\u00e4dg\u00e5rden fanns det en gr\u00e4smatta med en massa blommor p\u00e5 som jag fick plocka.<\/p>\n<p><img loading=\"lazy\" decoding=\"async\" class=\"aligncenter\" title=\"P1030179\" src=\"https:\/\/www.thelins.se\/lisa\/blog\/wp-content\/uploads\/2011\/06\/P1030179-300x169.jpg\" alt=\"\" width=\"300\" height=\"169\" \/><\/p>\n<p>P\u00e5 v\u00e4gen hem k\u00f6pte vi en glass som jag fick \u00e4ta i bilen.<\/p>\n<p><img loading=\"lazy\" decoding=\"async\" class=\"aligncenter\" title=\"P1030181\" src=\"https:\/\/www.thelins.se\/lisa\/blog\/wp-content\/uploads\/2011\/06\/P1030181-225x300.jpg\" alt=\"\" width=\"225\" height=\"300\" \/><\/p>\n<p>N\u00e4sta dag \u00e5kte vi ett gammalt t\u00e5g med bes\u00f6karna. T\u00e5get gick fr\u00e5n Anten och till Gr\u00e4fsn\u00e4s. Farfar visade mig t\u00e5get innan vi gick p\u00e5.<\/p>\n<p><img loading=\"lazy\" decoding=\"async\" class=\"aligncenter\" title=\"P1030182\" src=\"https:\/\/www.thelins.se\/lisa\/blog\/wp-content\/uploads\/2011\/06\/P1030182-300x225.jpg\" alt=\"\" width=\"300\" height=\"225\" \/><\/p>\n<p>Utanf\u00f6r t\u00e5get fanns det m\u00e5nga fina stenar som jag tog med mig in.<\/p>\n<p><img loading=\"lazy\" decoding=\"async\" class=\"aligncenter\" title=\"P1030186\" src=\"https:\/\/www.thelins.se\/lisa\/blog\/wp-content\/uploads\/2011\/06\/P1030186-225x300.jpg\" alt=\"\" width=\"225\" height=\"300\" \/><\/p>\n<p>Halvv\u00e4gs stannade t\u00e5get och fyllde p\u00e5 vatten s\u00e5 att det kunde \u00e5ka hela v\u00e4gen.<\/p>\n<p><img loading=\"lazy\" decoding=\"async\" class=\"aligncenter\" title=\"P1030191\" src=\"https:\/\/www.thelins.se\/lisa\/blog\/wp-content\/uploads\/2011\/06\/P1030191-300x225.jpg\" alt=\"\" width=\"300\" height=\"225\" \/><\/p>\n<p>Det var roligt att st\u00e5 mellan vagnarna n\u00e4r t\u00e5get k\u00f6rde.<\/p>\n<p><img loading=\"lazy\" decoding=\"async\" class=\"aligncenter\" title=\"P1030192\" src=\"https:\/\/www.thelins.se\/lisa\/blog\/wp-content\/uploads\/2011\/06\/P1030192-225x300.jpg\" alt=\"\" width=\"225\" height=\"300\" \/><\/p>\n<p>N\u00e4r vi kom fram till Gr\u00e4fsn\u00e4s var det medeltidsdagar d\u00e4r och jag spelade p\u00e5 en musroulette och vann 30kr. Det var kul.<\/p>\n<p><img loading=\"lazy\" decoding=\"async\" class=\"aligncenter\" title=\"P1030193\" src=\"https:\/\/www.thelins.se\/lisa\/blog\/wp-content\/uploads\/2011\/06\/P1030193-225x300.jpg\" alt=\"\" width=\"225\" height=\"300\" \/><\/p>\n<p>Sedan avslutade vi med att jag och farmor gick till fiskdammen och jag fick lite godis.<\/p>\n<p><img loading=\"lazy\" decoding=\"async\" class=\"aligncenter\" title=\"P1030201\" src=\"https:\/\/www.thelins.se\/lisa\/blog\/wp-content\/uploads\/2011\/06\/P1030201-300x225.jpg\" alt=\"\" width=\"300\" height=\"225\" \/><\/p>\n<p>\/L<\/p>\n","protected":false},"excerpt":{"rendered":"<p>Hej alla, Nu har mamma \u00e4ntligen k\u00f6pt en ny sladd till kameran s\u00e5 att vi kan f\u00e5 \u00f6ver alla kort till datorn fr\u00e5n kameran s\u00e5 att det g\u00e5r att blogga med dem. Nu kommer d\u00e4rf\u00f6r n\u00e5gra kort som \u00e4r ganska gamla. De \u00e4r fr\u00e5n n\u00e4r vi hade bes\u00f6k av Arnes sl\u00e4kt fr\u00e5n Nya Zeeland. D\u00e5&hellip;<\/p>\n","protected":false},"author":2,"featured_media":0,"comment_status":"closed","ping_status":"closed","sticky":false,"template":"","format":"standard","meta":{"footnotes":""},"categories":[1],"tags":[],"class_list":["post-1100","post","type-post","status-publish","format-standard","hentry","category-uncategorized"],"_links":{"self":[{"href":"https:\/\/www.thelins.se\/lisa\/blog\/wp-json\/wp\/v2\/posts\/1100","targetHints":{"allow":["GET"]}}],"collection":[{"href":"https:\/\/www.thelins.se\/lisa\/blog\/wp-json\/wp\/v2\/posts"}],"about":[{"href":"https:\/\/www.thelins.se\/lisa\/blog\/wp-json\/wp\/v2\/types\/post"}],"author":[{"embeddable":true,"href":"https:\/\/www.thelins.se\/lisa\/blog\/wp-json\/wp\/v2\/users\/2"}],"replies":[{"embeddable":true,"href":"https:\/\/www.thelins.se\/lisa\/blog\/wp-json\/wp\/v2\/comments?post=1100"}],"version-history":[{"count":5,"href":"https:\/\/www.thelins.se\/lisa\/blog\/wp-json\/wp\/v2\/posts\/1100\/revisions"}],"predecessor-version":[{"id":1116,"href":"https:\/\/www.thelins.se\/lisa\/blog\/wp-json\/wp\/v2\/posts\/1100\/revisions\/1116"}],"wp:attachment":[{"href":"https:\/\/www.thelins.se\/lisa\/blog\/wp-json\/wp\/v2\/media?parent=1100"}],"wp:term":[{"taxonomy":"category","embeddable":true,"href":"https:\/\/www.thelins.se\/lisa\/blog\/wp-json\/wp\/v2\/categories?post=1100"},{"taxonomy":"post_tag","embeddable":true,"href":"https:\/\/www.thelins.se\/lisa\/blog\/wp-json\/wp\/v2\/tags?post=1100"}],"curies":[{"name":"wp","href":"https:\/\/api.w.org\/{rel}","templated":true}]}}