{"id":11,"date":"2008-08-25T10:00:00","date_gmt":"2008-08-25T08:00:00","guid":{"rendered":"http:\/\/www.thelins.se\/lisa\/blog\/2008\/08\/sjalv-ar-basta-drang\/"},"modified":"2008-08-25T10:00:00","modified_gmt":"2008-08-25T08:00:00","slug":"sjalv-ar-basta-drang","status":"publish","type":"post","link":"https:\/\/www.thelins.se\/lisa\/blog\/2008\/08\/sjalv-ar-basta-drang\/","title":{"rendered":">Sj\u00e4lv \u00e4r b\u00e4sta dr\u00e4ng!"},"content":{"rendered":"<p>>Hej alla,<\/p>\n<p><a href=\"https:\/\/www.thelins.se\/lisa\/blog\/uploaded_images\/file-793788.jpg\"><img decoding=\"async\" style=\"DISPLAY: block; MARGIN: 0px auto 10px; CURSOR: hand; TEXT-ALIGN: center\" alt=\"\" src=\"https:\/\/www.thelins.se\/lisa\/blog\/uploaded_images\/file-793763.jpg\" border=\"0\" \/><\/a><br \/>Man har ju varit med om en del redan &#8211; m\u00f6hippor, br\u00f6llop, fotbollsmatcher och en l\u00e4genhetsflytt. F\u00f6r att inte tala om en f\u00f6dsel! T\u00e4nkte bara tala om att jag numera \u00e4ter sj\u00e4lv &#8211; dock under \u00f6vervakning.<\/p>\n<p>\/Lisa<\/p>\n<div><\/div>\n","protected":false},"excerpt":{"rendered":"<p>>Hej alla, Man har ju varit med om en del redan &#8211; m\u00f6hippor, br\u00f6llop, fotbollsmatcher och en l\u00e4genhetsflytt. F\u00f6r att inte tala om en f\u00f6dsel! T\u00e4nkte bara tala om att jag numera \u00e4ter sj\u00e4lv &#8211; dock under \u00f6vervakning. \/Lisa<\/p>\n","protected":false},"author":2,"featured_media":0,"comment_status":"closed","ping_status":"closed","sticky":false,"template":"","format":"standard","meta":{"footnotes":""},"categories":[1],"tags":[],"class_list":["post-11","post","type-post","status-publish","format-standard","hentry","category-uncategorized"],"_links":{"self":[{"href":"https:\/\/www.thelins.se\/lisa\/blog\/wp-json\/wp\/v2\/posts\/11","targetHints":{"allow":["GET"]}}],"collection":[{"href":"https:\/\/www.thelins.se\/lisa\/blog\/wp-json\/wp\/v2\/posts"}],"about":[{"href":"https:\/\/www.thelins.se\/lisa\/blog\/wp-json\/wp\/v2\/types\/post"}],"author":[{"embeddable":true,"href":"https:\/\/www.thelins.se\/lisa\/blog\/wp-json\/wp\/v2\/users\/2"}],"replies":[{"embeddable":true,"href":"https:\/\/www.thelins.se\/lisa\/blog\/wp-json\/wp\/v2\/comments?post=11"}],"version-history":[{"count":0,"href":"https:\/\/www.thelins.se\/lisa\/blog\/wp-json\/wp\/v2\/posts\/11\/revisions"}],"wp:attachment":[{"href":"https:\/\/www.thelins.se\/lisa\/blog\/wp-json\/wp\/v2\/media?parent=11"}],"wp:term":[{"taxonomy":"category","embeddable":true,"href":"https:\/\/www.thelins.se\/lisa\/blog\/wp-json\/wp\/v2\/categories?post=11"},{"taxonomy":"post_tag","embeddable":true,"href":"https:\/\/www.thelins.se\/lisa\/blog\/wp-json\/wp\/v2\/tags?post=11"}],"curies":[{"name":"wp","href":"https:\/\/api.w.org\/{rel}","templated":true}]}}