{"id":1092,"date":"2011-06-29T06:23:04","date_gmt":"2011-06-29T04:23:04","guid":{"rendered":"http:\/\/www.thelins.se\/lisa\/blog\/?p=1092"},"modified":"2011-06-26T20:30:54","modified_gmt":"2011-06-26T18:30:54","slug":"battur","status":"publish","type":"post","link":"https:\/\/www.thelins.se\/lisa\/blog\/2011\/06\/battur\/","title":{"rendered":"B\u00e5ttur"},"content":{"rendered":"<p>Hej alla,<\/p>\n<p>F\u00f6r n\u00e5gra dagar sedan var det premi\u00e4r f\u00f6r att \u00e5ka ut med b\u00e5ten f\u00f6r nu har mamma sytt klart kapellet.<\/p>\n<p><a href=\"https:\/\/www.thelins.se\/lisa\/blog\/wp-content\/uploads\/2011\/06\/IMAG0158.jpg\"><img loading=\"lazy\" decoding=\"async\" class=\"aligncenter\" title=\"IMAG0150\" src=\"https:\/\/www.thelins.se\/lisa\/blog\/wp-content\/uploads\/2011\/06\/IMAG0150-300x179.jpg\" alt=\"\" width=\"300\" height=\"179\" \/><\/a><\/p>\n<p>Det var h\u00e4rligt att se hur vattnet yrde runt b\u00e5ten. Fast det var lite kallt&#8230;<\/p>\n<p><a href=\"https:\/\/www.thelins.se\/lisa\/blog\/wp-content\/uploads\/2011\/06\/IMAG0157.jpg\"><img loading=\"lazy\" decoding=\"async\" class=\"aligncenter size-medium wp-image-1096\" title=\"IMAG0157\" src=\"https:\/\/www.thelins.se\/lisa\/blog\/wp-content\/uploads\/2011\/06\/IMAG0157-179x300.jpg\" alt=\"\" width=\"179\" height=\"300\" srcset=\"https:\/\/www.thelins.se\/lisa\/blog\/wp-content\/uploads\/2011\/06\/IMAG0157-179x300.jpg 179w, https:\/\/www.thelins.se\/lisa\/blog\/wp-content\/uploads\/2011\/06\/IMAG0157-613x1024.jpg 613w, https:\/\/www.thelins.se\/lisa\/blog\/wp-content\/uploads\/2011\/06\/IMAG0157-59x100.jpg 59w, https:\/\/www.thelins.se\/lisa\/blog\/wp-content\/uploads\/2011\/06\/IMAG0157-89x150.jpg 89w, https:\/\/www.thelins.se\/lisa\/blog\/wp-content\/uploads\/2011\/06\/IMAG0157.jpg 1552w\" sizes=\"auto, (max-width: 179px) 100vw, 179px\" \/><\/a><\/p>\n<p>Jag fick hj\u00e4lpa morfar att styra lite.<\/p>\n<p><a href=\"https:\/\/www.thelins.se\/lisa\/blog\/wp-content\/uploads\/2011\/06\/IMAG0154.jpg\"><img loading=\"lazy\" decoding=\"async\" class=\"aligncenter size-medium wp-image-1095\" title=\"IMAG0154\" src=\"https:\/\/www.thelins.se\/lisa\/blog\/wp-content\/uploads\/2011\/06\/IMAG0154-179x300.jpg\" alt=\"\" width=\"179\" height=\"300\" srcset=\"https:\/\/www.thelins.se\/lisa\/blog\/wp-content\/uploads\/2011\/06\/IMAG0154-179x300.jpg 179w, https:\/\/www.thelins.se\/lisa\/blog\/wp-content\/uploads\/2011\/06\/IMAG0154-613x1024.jpg 613w, https:\/\/www.thelins.se\/lisa\/blog\/wp-content\/uploads\/2011\/06\/IMAG0154-59x100.jpg 59w, https:\/\/www.thelins.se\/lisa\/blog\/wp-content\/uploads\/2011\/06\/IMAG0154-89x150.jpg 89w, https:\/\/www.thelins.se\/lisa\/blog\/wp-content\/uploads\/2011\/06\/IMAG0154.jpg 1552w\" sizes=\"auto, (max-width: 179px) 100vw, 179px\" \/><\/a><a href=\"https:\/\/www.thelins.se\/lisa\/blog\/wp-content\/uploads\/2011\/06\/IMAG0151.jpg\"><\/a><a href=\"https:\/\/www.thelins.se\/lisa\/blog\/wp-content\/uploads\/2011\/06\/IMAG0150.jpg\"><\/a><\/p>\n<p style=\"text-align: left;\">N\u00e4r vi kom fram sk\u00e5lade vi f\u00f6r att fira det nya kapellet.<\/p>\n<p style=\"text-align: left;\"><img loading=\"lazy\" decoding=\"async\" class=\"aligncenter\" title=\"IMAG0151\" src=\"https:\/\/www.thelins.se\/lisa\/blog\/wp-content\/uploads\/2011\/06\/IMAG0151-300x179.jpg\" alt=\"\" width=\"300\" height=\"179\" \/><\/p>\n<p>Sedan avslutade jag med att \u00e5ka lite rutchkana p\u00e5 \u00f6n.<\/p>\n<p><img loading=\"lazy\" decoding=\"async\" class=\"aligncenter\" title=\"IMAG0158\" src=\"https:\/\/www.thelins.se\/lisa\/blog\/wp-content\/uploads\/2011\/06\/IMAG0158-179x300.jpg\" alt=\"\" width=\"179\" height=\"300\" \/><\/p>\n<p>\/L<\/p>\n","protected":false},"excerpt":{"rendered":"<p>Hej alla, F\u00f6r n\u00e5gra dagar sedan var det premi\u00e4r f\u00f6r att \u00e5ka ut med b\u00e5ten f\u00f6r nu har mamma sytt klart kapellet. Det var h\u00e4rligt att se hur vattnet yrde runt b\u00e5ten. Fast det var lite kallt&#8230; Jag fick hj\u00e4lpa morfar att styra lite. N\u00e4r vi kom fram sk\u00e5lade vi f\u00f6r att fira det nya&hellip;<\/p>\n","protected":false},"author":2,"featured_media":0,"comment_status":"closed","ping_status":"closed","sticky":false,"template":"","format":"standard","meta":{"footnotes":""},"categories":[1],"tags":[],"class_list":["post-1092","post","type-post","status-publish","format-standard","hentry","category-uncategorized"],"_links":{"self":[{"href":"https:\/\/www.thelins.se\/lisa\/blog\/wp-json\/wp\/v2\/posts\/1092","targetHints":{"allow":["GET"]}}],"collection":[{"href":"https:\/\/www.thelins.se\/lisa\/blog\/wp-json\/wp\/v2\/posts"}],"about":[{"href":"https:\/\/www.thelins.se\/lisa\/blog\/wp-json\/wp\/v2\/types\/post"}],"author":[{"embeddable":true,"href":"https:\/\/www.thelins.se\/lisa\/blog\/wp-json\/wp\/v2\/users\/2"}],"replies":[{"embeddable":true,"href":"https:\/\/www.thelins.se\/lisa\/blog\/wp-json\/wp\/v2\/comments?post=1092"}],"version-history":[{"count":2,"href":"https:\/\/www.thelins.se\/lisa\/blog\/wp-json\/wp\/v2\/posts\/1092\/revisions"}],"predecessor-version":[{"id":1099,"href":"https:\/\/www.thelins.se\/lisa\/blog\/wp-json\/wp\/v2\/posts\/1092\/revisions\/1099"}],"wp:attachment":[{"href":"https:\/\/www.thelins.se\/lisa\/blog\/wp-json\/wp\/v2\/media?parent=1092"}],"wp:term":[{"taxonomy":"category","embeddable":true,"href":"https:\/\/www.thelins.se\/lisa\/blog\/wp-json\/wp\/v2\/categories?post=1092"},{"taxonomy":"post_tag","embeddable":true,"href":"https:\/\/www.thelins.se\/lisa\/blog\/wp-json\/wp\/v2\/tags?post=1092"}],"curies":[{"name":"wp","href":"https:\/\/api.w.org\/{rel}","templated":true}]}}