{"id":1071,"date":"2011-06-26T19:39:08","date_gmt":"2011-06-26T17:39:08","guid":{"rendered":"http:\/\/www.thelins.se\/lisa\/blog\/?p=1071"},"modified":"2011-06-26T19:39:08","modified_gmt":"2011-06-26T17:39:08","slug":"midsommarafton","status":"publish","type":"post","link":"https:\/\/www.thelins.se\/lisa\/blog\/2011\/06\/midsommarafton\/","title":{"rendered":"Midsommarafton"},"content":{"rendered":"<p>Hej!<\/p>\n<p>P\u00e5 midsommarafton var jag med mamma och pappa hos n\u00e5gra andra familjer i Falk\u00f6ping. Just n\u00e4r vi skulle g\u00e5 och dansa runt misommarst\u00e5ngen kom det massa regn men som tur var h\u00f6ll det upp just under dansen men det b\u00f6rjade regna igen sen.<\/p>\n<p><a href=\"https:\/\/www.thelins.se\/lisa\/blog\/wp-content\/uploads\/2011\/06\/P1030221.jpg\"><img loading=\"lazy\" decoding=\"async\" class=\"aligncenter size-medium wp-image-1073\" title=\"P1030221\" src=\"https:\/\/www.thelins.se\/lisa\/blog\/wp-content\/uploads\/2011\/06\/P1030221-300x225.jpg\" alt=\"\" width=\"300\" height=\"225\" srcset=\"https:\/\/www.thelins.se\/lisa\/blog\/wp-content\/uploads\/2011\/06\/P1030221-300x225.jpg 300w, https:\/\/www.thelins.se\/lisa\/blog\/wp-content\/uploads\/2011\/06\/P1030221-1024x768.jpg 1024w, https:\/\/www.thelins.se\/lisa\/blog\/wp-content\/uploads\/2011\/06\/P1030221-100x75.jpg 100w, https:\/\/www.thelins.se\/lisa\/blog\/wp-content\/uploads\/2011\/06\/P1030221-150x112.jpg 150w\" sizes=\"auto, (max-width: 300px) 100vw, 300px\" \/><\/a><\/p>\n<p>Jag tyckte att det var kul att dansa en liten stund&#8230;<\/p>\n<p><a href=\"https:\/\/www.thelins.se\/lisa\/blog\/wp-content\/uploads\/2011\/06\/P1030218.jpg\"><img loading=\"lazy\" decoding=\"async\" class=\"aligncenter size-medium wp-image-1072\" title=\"P1030218\" src=\"https:\/\/www.thelins.se\/lisa\/blog\/wp-content\/uploads\/2011\/06\/P1030218-300x225.jpg\" alt=\"\" width=\"300\" height=\"225\" srcset=\"https:\/\/www.thelins.se\/lisa\/blog\/wp-content\/uploads\/2011\/06\/P1030218-300x225.jpg 300w, https:\/\/www.thelins.se\/lisa\/blog\/wp-content\/uploads\/2011\/06\/P1030218-1024x768.jpg 1024w, https:\/\/www.thelins.se\/lisa\/blog\/wp-content\/uploads\/2011\/06\/P1030218-100x75.jpg 100w, https:\/\/www.thelins.se\/lisa\/blog\/wp-content\/uploads\/2011\/06\/P1030218-150x112.jpg 150w\" sizes=\"auto, (max-width: 300px) 100vw, 300px\" \/><\/a><\/p>\n<p>&#8230;sedan tyckte jag och Vilma att det var roligare att gunga.<a href=\"https:\/\/www.thelins.se\/lisa\/blog\/wp-content\/uploads\/2011\/06\/P10302091.jpg\"><\/a><\/p>\n<p><a href=\"https:\/\/www.thelins.se\/lisa\/blog\/wp-content\/uploads\/2011\/06\/P1030237.jpg\"><img loading=\"lazy\" decoding=\"async\" class=\"aligncenter size-medium wp-image-1074\" title=\"P1030237\" src=\"https:\/\/www.thelins.se\/lisa\/blog\/wp-content\/uploads\/2011\/06\/P1030237-225x300.jpg\" alt=\"\" width=\"225\" height=\"300\" srcset=\"https:\/\/www.thelins.se\/lisa\/blog\/wp-content\/uploads\/2011\/06\/P1030237-225x300.jpg 225w, https:\/\/www.thelins.se\/lisa\/blog\/wp-content\/uploads\/2011\/06\/P1030237-768x1024.jpg 768w, https:\/\/www.thelins.se\/lisa\/blog\/wp-content\/uploads\/2011\/06\/P1030237-75x100.jpg 75w, https:\/\/www.thelins.se\/lisa\/blog\/wp-content\/uploads\/2011\/06\/P1030237-112x150.jpg 112w\" sizes=\"auto, (max-width: 225px) 100vw, 225px\" \/><\/a><\/p>\n<p>Det fanns en rolig elefant och massa andra roliga leksaker att leka med hos den familjen som vi var hos.<\/p>\n<p><img loading=\"lazy\" decoding=\"async\" class=\"aligncenter\" title=\"P1030209\" src=\"https:\/\/www.thelins.se\/lisa\/blog\/wp-content\/uploads\/2011\/06\/P10302091-300x225.jpg\" alt=\"\" width=\"300\" height=\"225\" \/><\/p>\n<p>N\u00e4r det inte regnade hoppade jag \u00e4ven p\u00e5 deras studsmatta.<\/p>\n<p><a href=\"https:\/\/www.thelins.se\/lisa\/blog\/wp-content\/uploads\/2011\/06\/20110624_009.jpg\"><img loading=\"lazy\" decoding=\"async\" class=\"aligncenter size-medium wp-image-1077\" title=\"20110624_009\" src=\"https:\/\/www.thelins.se\/lisa\/blog\/wp-content\/uploads\/2011\/06\/20110624_009-168x300.jpg\" alt=\"\" width=\"168\" height=\"300\" srcset=\"https:\/\/www.thelins.se\/lisa\/blog\/wp-content\/uploads\/2011\/06\/20110624_009-168x300.jpg 168w, https:\/\/www.thelins.se\/lisa\/blog\/wp-content\/uploads\/2011\/06\/20110624_009-576x1024.jpg 576w, https:\/\/www.thelins.se\/lisa\/blog\/wp-content\/uploads\/2011\/06\/20110624_009-56x100.jpg 56w, https:\/\/www.thelins.se\/lisa\/blog\/wp-content\/uploads\/2011\/06\/20110624_009-84x150.jpg 84w, https:\/\/www.thelins.se\/lisa\/blog\/wp-content\/uploads\/2011\/06\/20110624_009.jpg 1440w\" sizes=\"auto, (max-width: 168px) 100vw, 168px\" \/><\/a><\/p>\n<p>\/L<\/p>\n","protected":false},"excerpt":{"rendered":"<p>Hej! P\u00e5 midsommarafton var jag med mamma och pappa hos n\u00e5gra andra familjer i Falk\u00f6ping. Just n\u00e4r vi skulle g\u00e5 och dansa runt misommarst\u00e5ngen kom det massa regn men som tur var h\u00f6ll det upp just under dansen men det b\u00f6rjade regna igen sen. Jag tyckte att det var kul att dansa en liten stund&#8230;&hellip;<\/p>\n","protected":false},"author":2,"featured_media":0,"comment_status":"closed","ping_status":"closed","sticky":false,"template":"","format":"standard","meta":{"footnotes":""},"categories":[1],"tags":[],"class_list":["post-1071","post","type-post","status-publish","format-standard","hentry","category-uncategorized"],"_links":{"self":[{"href":"https:\/\/www.thelins.se\/lisa\/blog\/wp-json\/wp\/v2\/posts\/1071","targetHints":{"allow":["GET"]}}],"collection":[{"href":"https:\/\/www.thelins.se\/lisa\/blog\/wp-json\/wp\/v2\/posts"}],"about":[{"href":"https:\/\/www.thelins.se\/lisa\/blog\/wp-json\/wp\/v2\/types\/post"}],"author":[{"embeddable":true,"href":"https:\/\/www.thelins.se\/lisa\/blog\/wp-json\/wp\/v2\/users\/2"}],"replies":[{"embeddable":true,"href":"https:\/\/www.thelins.se\/lisa\/blog\/wp-json\/wp\/v2\/comments?post=1071"}],"version-history":[{"count":2,"href":"https:\/\/www.thelins.se\/lisa\/blog\/wp-json\/wp\/v2\/posts\/1071\/revisions"}],"predecessor-version":[{"id":1079,"href":"https:\/\/www.thelins.se\/lisa\/blog\/wp-json\/wp\/v2\/posts\/1071\/revisions\/1079"}],"wp:attachment":[{"href":"https:\/\/www.thelins.se\/lisa\/blog\/wp-json\/wp\/v2\/media?parent=1071"}],"wp:term":[{"taxonomy":"category","embeddable":true,"href":"https:\/\/www.thelins.se\/lisa\/blog\/wp-json\/wp\/v2\/categories?post=1071"},{"taxonomy":"post_tag","embeddable":true,"href":"https:\/\/www.thelins.se\/lisa\/blog\/wp-json\/wp\/v2\/tags?post=1071"}],"curies":[{"name":"wp","href":"https:\/\/api.w.org\/{rel}","templated":true}]}}