{"id":1064,"date":"2011-06-20T06:57:16","date_gmt":"2011-06-20T04:57:16","guid":{"rendered":"http:\/\/www.thelins.se\/lisa\/blog\/?p=1064"},"modified":"2011-06-19T09:05:46","modified_gmt":"2011-06-19T07:05:46","slug":"potatisfestivalen","status":"publish","type":"post","link":"https:\/\/www.thelins.se\/lisa\/blog\/2011\/06\/potatisfestivalen\/","title":{"rendered":"Potatisfestivalen"},"content":{"rendered":"<p>Hej alla,<\/p>\n<p>I helgen var jag med Alma p\u00e5 potatisfestivalen.<\/p>\n<p>D\u00e4r fanns det en uppbl\u00e5sbar rutchkana som jag och Alma \u00e5kte i. Det var dock lite sv\u00e5rt att kl\u00e4ttra upp. Den var egentligen f\u00f6r lite st\u00f6rre barn.<\/p>\n<p><a href=\"https:\/\/www.thelins.se\/lisa\/blog\/wp-content\/uploads\/2011\/06\/IMAG0114.jpg\"><img loading=\"lazy\" decoding=\"async\" class=\"aligncenter size-medium wp-image-1065\" title=\"IMAG0114\" src=\"https:\/\/www.thelins.se\/lisa\/blog\/wp-content\/uploads\/2011\/06\/IMAG0114-179x300.jpg\" alt=\"\" width=\"179\" height=\"300\" srcset=\"https:\/\/www.thelins.se\/lisa\/blog\/wp-content\/uploads\/2011\/06\/IMAG0114-179x300.jpg 179w, https:\/\/www.thelins.se\/lisa\/blog\/wp-content\/uploads\/2011\/06\/IMAG0114-613x1024.jpg 613w, https:\/\/www.thelins.se\/lisa\/blog\/wp-content\/uploads\/2011\/06\/IMAG0114-59x100.jpg 59w, https:\/\/www.thelins.se\/lisa\/blog\/wp-content\/uploads\/2011\/06\/IMAG0114-89x150.jpg 89w, https:\/\/www.thelins.se\/lisa\/blog\/wp-content\/uploads\/2011\/06\/IMAG0114.jpg 1552w\" sizes=\"auto, (max-width: 179px) 100vw, 179px\" \/><\/a><\/p>\n<p>Men det var s\u00e5\u00e5\u00e5\u00e5 roligt att \u00e5ka ner. Jag och Alma \u00e5kte s\u00e4kert hundra g\u00e5nger&#8230;<\/p>\n<p><a href=\"https:\/\/www.thelins.se\/lisa\/blog\/wp-content\/uploads\/2011\/06\/IMAG0116.jpg\"><img loading=\"lazy\" decoding=\"async\" class=\"aligncenter size-medium wp-image-1066\" title=\"IMAG0116\" src=\"https:\/\/www.thelins.se\/lisa\/blog\/wp-content\/uploads\/2011\/06\/IMAG0116-179x300.jpg\" alt=\"\" width=\"179\" height=\"300\" srcset=\"https:\/\/www.thelins.se\/lisa\/blog\/wp-content\/uploads\/2011\/06\/IMAG0116-179x300.jpg 179w, https:\/\/www.thelins.se\/lisa\/blog\/wp-content\/uploads\/2011\/06\/IMAG0116-613x1024.jpg 613w, https:\/\/www.thelins.se\/lisa\/blog\/wp-content\/uploads\/2011\/06\/IMAG0116-59x100.jpg 59w, https:\/\/www.thelins.se\/lisa\/blog\/wp-content\/uploads\/2011\/06\/IMAG0116-89x150.jpg 89w, https:\/\/www.thelins.se\/lisa\/blog\/wp-content\/uploads\/2011\/06\/IMAG0116.jpg 1552w\" sizes=\"auto, (max-width: 179px) 100vw, 179px\" \/><\/a><\/p>\n<p>N\u00e4r vi tillslut tr\u00f6ttnade p\u00e5 det s\u00e5 var vi nere och bara hoppade. Det var ocks\u00e5 kul. D\u00e4r tr\u00e4ffade jag min f\u00f6rskolekompis Hanna ocks\u00e5.<\/p>\n<p><img loading=\"lazy\" decoding=\"async\" class=\"aligncenter\" title=\"IMAG0119\" src=\"https:\/\/www.thelins.se\/lisa\/blog\/wp-content\/uploads\/2011\/06\/IMAG0119-300x179.jpg\" alt=\"\" width=\"300\" height=\"179\" \/><\/p>\n<p>Efter ett tag b\u00f6rjade det regna s\u00e5 d\u00e5 \u00e5kte vi hem till Alma och \u00e5t spunnet socker.<\/p>\n<p><img loading=\"lazy\" decoding=\"async\" class=\"aligncenter\" title=\"IMAG0124\" src=\"https:\/\/www.thelins.se\/lisa\/blog\/wp-content\/uploads\/2011\/06\/IMAG0124-179x300.jpg\" alt=\"\" width=\"179\" height=\"300\" \/><\/p>\n<p>\/L<\/p>\n","protected":false},"excerpt":{"rendered":"<p>Hej alla, I helgen var jag med Alma p\u00e5 potatisfestivalen. D\u00e4r fanns det en uppbl\u00e5sbar rutchkana som jag och Alma \u00e5kte i. Det var dock lite sv\u00e5rt att kl\u00e4ttra upp. Den var egentligen f\u00f6r lite st\u00f6rre barn. Men det var s\u00e5\u00e5\u00e5\u00e5 roligt att \u00e5ka ner. Jag och Alma \u00e5kte s\u00e4kert hundra g\u00e5nger&#8230; N\u00e4r vi tillslut&hellip;<\/p>\n","protected":false},"author":2,"featured_media":0,"comment_status":"closed","ping_status":"closed","sticky":false,"template":"","format":"standard","meta":{"footnotes":""},"categories":[1],"tags":[],"class_list":["post-1064","post","type-post","status-publish","format-standard","hentry","category-uncategorized"],"_links":{"self":[{"href":"https:\/\/www.thelins.se\/lisa\/blog\/wp-json\/wp\/v2\/posts\/1064","targetHints":{"allow":["GET"]}}],"collection":[{"href":"https:\/\/www.thelins.se\/lisa\/blog\/wp-json\/wp\/v2\/posts"}],"about":[{"href":"https:\/\/www.thelins.se\/lisa\/blog\/wp-json\/wp\/v2\/types\/post"}],"author":[{"embeddable":true,"href":"https:\/\/www.thelins.se\/lisa\/blog\/wp-json\/wp\/v2\/users\/2"}],"replies":[{"embeddable":true,"href":"https:\/\/www.thelins.se\/lisa\/blog\/wp-json\/wp\/v2\/comments?post=1064"}],"version-history":[{"count":2,"href":"https:\/\/www.thelins.se\/lisa\/blog\/wp-json\/wp\/v2\/posts\/1064\/revisions"}],"predecessor-version":[{"id":1070,"href":"https:\/\/www.thelins.se\/lisa\/blog\/wp-json\/wp\/v2\/posts\/1064\/revisions\/1070"}],"wp:attachment":[{"href":"https:\/\/www.thelins.se\/lisa\/blog\/wp-json\/wp\/v2\/media?parent=1064"}],"wp:term":[{"taxonomy":"category","embeddable":true,"href":"https:\/\/www.thelins.se\/lisa\/blog\/wp-json\/wp\/v2\/categories?post=1064"},{"taxonomy":"post_tag","embeddable":true,"href":"https:\/\/www.thelins.se\/lisa\/blog\/wp-json\/wp\/v2\/tags?post=1064"}],"curies":[{"name":"wp","href":"https:\/\/api.w.org\/{rel}","templated":true}]}}