{"id":1059,"date":"2011-06-18T08:07:23","date_gmt":"2011-06-18T06:07:23","guid":{"rendered":"http:\/\/www.thelins.se\/lisa\/blog\/?p=1059"},"modified":"2011-06-18T08:07:23","modified_gmt":"2011-06-18T06:07:23","slug":"sommarfest","status":"publish","type":"post","link":"https:\/\/www.thelins.se\/lisa\/blog\/2011\/06\/sommarfest\/","title":{"rendered":"Sommarfest"},"content":{"rendered":"<p>Hej alla,<\/p>\n<p>Nu har det varit sommarfest p\u00e5 f\u00f6rskolan. Vi hade \u00f6vat in massa roliga s\u00e5nger som vi sj\u00f6ng f\u00f6r alla f\u00f6r\u00e4ldrar. Det var kul men jag var lite nerv\u00f6s att sjunga inf\u00f6r s\u00e5 m\u00e5nga m\u00e4nniskor&#8230;<\/p>\n<p><a href=\"https:\/\/www.thelins.se\/lisa\/blog\/wp-content\/uploads\/2011\/06\/IMAG0088.jpg\"><img loading=\"lazy\" decoding=\"async\" class=\"aligncenter size-medium wp-image-1060\" title=\"IMAG0088\" src=\"https:\/\/www.thelins.se\/lisa\/blog\/wp-content\/uploads\/2011\/06\/IMAG0088-300x179.jpg\" alt=\"\" width=\"300\" height=\"179\" srcset=\"https:\/\/www.thelins.se\/lisa\/blog\/wp-content\/uploads\/2011\/06\/IMAG0088-300x179.jpg 300w, https:\/\/www.thelins.se\/lisa\/blog\/wp-content\/uploads\/2011\/06\/IMAG0088-1024x613.jpg 1024w, https:\/\/www.thelins.se\/lisa\/blog\/wp-content\/uploads\/2011\/06\/IMAG0088-100x59.jpg 100w, https:\/\/www.thelins.se\/lisa\/blog\/wp-content\/uploads\/2011\/06\/IMAG0088-150x89.jpg 150w\" sizes=\"auto, (max-width: 300px) 100vw, 300px\" \/><\/a><\/p>\n<p>\/L<\/p>\n","protected":false},"excerpt":{"rendered":"<p>Hej alla, Nu har det varit sommarfest p\u00e5 f\u00f6rskolan. Vi hade \u00f6vat in massa roliga s\u00e5nger som vi sj\u00f6ng f\u00f6r alla f\u00f6r\u00e4ldrar. Det var kul men jag var lite nerv\u00f6s att sjunga inf\u00f6r s\u00e5 m\u00e5nga m\u00e4nniskor&#8230; \/L<\/p>\n","protected":false},"author":2,"featured_media":0,"comment_status":"closed","ping_status":"closed","sticky":false,"template":"","format":"standard","meta":{"footnotes":""},"categories":[1],"tags":[],"class_list":["post-1059","post","type-post","status-publish","format-standard","hentry","category-uncategorized"],"_links":{"self":[{"href":"https:\/\/www.thelins.se\/lisa\/blog\/wp-json\/wp\/v2\/posts\/1059","targetHints":{"allow":["GET"]}}],"collection":[{"href":"https:\/\/www.thelins.se\/lisa\/blog\/wp-json\/wp\/v2\/posts"}],"about":[{"href":"https:\/\/www.thelins.se\/lisa\/blog\/wp-json\/wp\/v2\/types\/post"}],"author":[{"embeddable":true,"href":"https:\/\/www.thelins.se\/lisa\/blog\/wp-json\/wp\/v2\/users\/2"}],"replies":[{"embeddable":true,"href":"https:\/\/www.thelins.se\/lisa\/blog\/wp-json\/wp\/v2\/comments?post=1059"}],"version-history":[{"count":2,"href":"https:\/\/www.thelins.se\/lisa\/blog\/wp-json\/wp\/v2\/posts\/1059\/revisions"}],"predecessor-version":[{"id":1062,"href":"https:\/\/www.thelins.se\/lisa\/blog\/wp-json\/wp\/v2\/posts\/1059\/revisions\/1062"}],"wp:attachment":[{"href":"https:\/\/www.thelins.se\/lisa\/blog\/wp-json\/wp\/v2\/media?parent=1059"}],"wp:term":[{"taxonomy":"category","embeddable":true,"href":"https:\/\/www.thelins.se\/lisa\/blog\/wp-json\/wp\/v2\/categories?post=1059"},{"taxonomy":"post_tag","embeddable":true,"href":"https:\/\/www.thelins.se\/lisa\/blog\/wp-json\/wp\/v2\/tags?post=1059"}],"curies":[{"name":"wp","href":"https:\/\/api.w.org\/{rel}","templated":true}]}}