{"id":1039,"date":"2011-05-17T06:49:28","date_gmt":"2011-05-17T04:49:28","guid":{"rendered":"http:\/\/www.thelins.se\/lisa\/blog\/?p=1039"},"modified":"2011-05-16T14:57:58","modified_gmt":"2011-05-16T12:57:59","slug":"alma-firar-min-fodelsedag","status":"publish","type":"post","link":"https:\/\/www.thelins.se\/lisa\/blog\/2011\/05\/alma-firar-min-fodelsedag\/","title":{"rendered":"Alma firar min f\u00f6delsedag"},"content":{"rendered":"<p>Hej alla,<a href=\"https:\/\/www.thelins.se\/lisa\/blog\/wp-content\/uploads\/2011\/05\/P1020997.jpg\"><\/a><\/p>\n<p>F\u00f6r ett tag sedan kom Alma och firade min f\u00f6delsedag. Jag var ju sjuk n\u00e4r jag fyllde \u00e5r s\u00e5 hon kunde ju inte komma d\u00e5.<\/p>\n<p><a href=\"https:\/\/www.thelins.se\/lisa\/blog\/wp-content\/uploads\/2011\/05\/P1020995.jpg\"><img loading=\"lazy\" decoding=\"async\" class=\"aligncenter size-medium wp-image-1040\" title=\"P1020995\" src=\"https:\/\/www.thelins.se\/lisa\/blog\/wp-content\/uploads\/2011\/05\/P1020995-300x225.jpg\" alt=\"\" width=\"300\" height=\"225\" srcset=\"https:\/\/www.thelins.se\/lisa\/blog\/wp-content\/uploads\/2011\/05\/P1020995-300x225.jpg 300w, https:\/\/www.thelins.se\/lisa\/blog\/wp-content\/uploads\/2011\/05\/P1020995-1024x768.jpg 1024w, https:\/\/www.thelins.se\/lisa\/blog\/wp-content\/uploads\/2011\/05\/P1020995-100x75.jpg 100w, https:\/\/www.thelins.se\/lisa\/blog\/wp-content\/uploads\/2011\/05\/P1020995-150x112.jpg 150w\" sizes=\"auto, (max-width: 300px) 100vw, 300px\" \/><\/a><\/p>\n<p>Jag fick en tr\u00f6ja, ett par byxor, en barbapappa och lite olika sorters kakor som hennes mamma hade virkat.<\/p>\n<p><img loading=\"lazy\" decoding=\"async\" class=\"aligncenter\" title=\"P1020997\" src=\"https:\/\/www.thelins.se\/lisa\/blog\/wp-content\/uploads\/2011\/05\/P1020997-300x225.jpg\" alt=\"\" width=\"300\" height=\"225\" \/><\/p>\n<p>Mamma hade bakat en Pingu-t\u00e5rta som vi fick g\u00e5 in f\u00f6r att jag skulle kunna bl\u00e5sa ut ljusen p\u00e5 f\u00f6r annars gjorde bl\u00e5sten det \u00e5t mig.<\/p>\n<p><a href=\"https:\/\/www.thelins.se\/lisa\/blog\/wp-content\/uploads\/2011\/05\/P1030002.jpg\"><img loading=\"lazy\" decoding=\"async\" class=\"aligncenter size-medium wp-image-1042\" title=\"P1030002\" src=\"https:\/\/www.thelins.se\/lisa\/blog\/wp-content\/uploads\/2011\/05\/P1030002-225x300.jpg\" alt=\"\" width=\"225\" height=\"300\" srcset=\"https:\/\/www.thelins.se\/lisa\/blog\/wp-content\/uploads\/2011\/05\/P1030002-225x300.jpg 225w, https:\/\/www.thelins.se\/lisa\/blog\/wp-content\/uploads\/2011\/05\/P1030002-768x1024.jpg 768w, https:\/\/www.thelins.se\/lisa\/blog\/wp-content\/uploads\/2011\/05\/P1030002-75x100.jpg 75w, https:\/\/www.thelins.se\/lisa\/blog\/wp-content\/uploads\/2011\/05\/P1030002-112x150.jpg 112w\" sizes=\"auto, (max-width: 225px) 100vw, 225px\" \/><\/a><\/p>\n<p>Sedan satt vi ute och \u00e5t. Fast jag hade inte riktigt ro att sitta&#8230;<\/p>\n<p><a href=\"https:\/\/www.thelins.se\/lisa\/blog\/wp-content\/uploads\/2011\/05\/P1030007.jpg\"><img loading=\"lazy\" decoding=\"async\" class=\"aligncenter size-medium wp-image-1043\" title=\"P1030007\" src=\"https:\/\/www.thelins.se\/lisa\/blog\/wp-content\/uploads\/2011\/05\/P1030007-300x225.jpg\" alt=\"\" width=\"300\" height=\"225\" srcset=\"https:\/\/www.thelins.se\/lisa\/blog\/wp-content\/uploads\/2011\/05\/P1030007-300x225.jpg 300w, https:\/\/www.thelins.se\/lisa\/blog\/wp-content\/uploads\/2011\/05\/P1030007-1024x768.jpg 1024w, https:\/\/www.thelins.se\/lisa\/blog\/wp-content\/uploads\/2011\/05\/P1030007-100x75.jpg 100w, https:\/\/www.thelins.se\/lisa\/blog\/wp-content\/uploads\/2011\/05\/P1030007-150x112.jpg 150w\" sizes=\"auto, (max-width: 300px) 100vw, 300px\" \/><\/a><\/p>\n<p>\/L<\/p>\n","protected":false},"excerpt":{"rendered":"<p>Hej alla, F\u00f6r ett tag sedan kom Alma och firade min f\u00f6delsedag. Jag var ju sjuk n\u00e4r jag fyllde \u00e5r s\u00e5 hon kunde ju inte komma d\u00e5. Jag fick en tr\u00f6ja, ett par byxor, en barbapappa och lite olika sorters kakor som hennes mamma hade virkat. Mamma hade bakat en Pingu-t\u00e5rta som vi fick g\u00e5&hellip;<\/p>\n","protected":false},"author":2,"featured_media":0,"comment_status":"closed","ping_status":"closed","sticky":false,"template":"","format":"standard","meta":{"footnotes":""},"categories":[1],"tags":[],"class_list":["post-1039","post","type-post","status-publish","format-standard","hentry","category-uncategorized"],"_links":{"self":[{"href":"https:\/\/www.thelins.se\/lisa\/blog\/wp-json\/wp\/v2\/posts\/1039","targetHints":{"allow":["GET"]}}],"collection":[{"href":"https:\/\/www.thelins.se\/lisa\/blog\/wp-json\/wp\/v2\/posts"}],"about":[{"href":"https:\/\/www.thelins.se\/lisa\/blog\/wp-json\/wp\/v2\/types\/post"}],"author":[{"embeddable":true,"href":"https:\/\/www.thelins.se\/lisa\/blog\/wp-json\/wp\/v2\/users\/2"}],"replies":[{"embeddable":true,"href":"https:\/\/www.thelins.se\/lisa\/blog\/wp-json\/wp\/v2\/comments?post=1039"}],"version-history":[{"count":2,"href":"https:\/\/www.thelins.se\/lisa\/blog\/wp-json\/wp\/v2\/posts\/1039\/revisions"}],"predecessor-version":[{"id":1045,"href":"https:\/\/www.thelins.se\/lisa\/blog\/wp-json\/wp\/v2\/posts\/1039\/revisions\/1045"}],"wp:attachment":[{"href":"https:\/\/www.thelins.se\/lisa\/blog\/wp-json\/wp\/v2\/media?parent=1039"}],"wp:term":[{"taxonomy":"category","embeddable":true,"href":"https:\/\/www.thelins.se\/lisa\/blog\/wp-json\/wp\/v2\/categories?post=1039"},{"taxonomy":"post_tag","embeddable":true,"href":"https:\/\/www.thelins.se\/lisa\/blog\/wp-json\/wp\/v2\/tags?post=1039"}],"curies":[{"name":"wp","href":"https:\/\/api.w.org\/{rel}","templated":true}]}}