{"id":1023,"date":"2011-05-07T07:19:19","date_gmt":"2011-05-07T05:19:19","guid":{"rendered":"http:\/\/www.thelins.se\/lisa\/blog\/?p=1023"},"modified":"2011-05-07T07:19:19","modified_gmt":"2011-05-07T05:19:19","slug":"presenter-fran-lena-nils-och-simone","status":"publish","type":"post","link":"https:\/\/www.thelins.se\/lisa\/blog\/2011\/05\/presenter-fran-lena-nils-och-simone\/","title":{"rendered":"Presenter fr\u00e5n Lena, Nils och Simone"},"content":{"rendered":"<p>Hej alla,<\/p>\n<p>Ig\u00e5r fick jag mer presenter av Lena, Nils och Simone.<\/p>\n<p>Jag fick m\u00e5nga saker. Jag fick en boll, 2 linnen, en kl\u00e4nning, en tr\u00f6ja och b\u00e4st av allt&#8230;<\/p>\n<p><a href=\"https:\/\/www.thelins.se\/lisa\/blog\/wp-content\/uploads\/2011\/05\/IMAG0091.jpg\"><img loading=\"lazy\" decoding=\"async\" class=\"aligncenter size-medium wp-image-1026\" title=\"IMAG0091\" src=\"https:\/\/www.thelins.se\/lisa\/blog\/wp-content\/uploads\/2011\/05\/IMAG0091-300x200.jpg\" alt=\"\" width=\"300\" height=\"200\" srcset=\"https:\/\/www.thelins.se\/lisa\/blog\/wp-content\/uploads\/2011\/05\/IMAG0091-300x200.jpg 300w, https:\/\/www.thelins.se\/lisa\/blog\/wp-content\/uploads\/2011\/05\/IMAG0091-1024x682.jpg 1024w, https:\/\/www.thelins.se\/lisa\/blog\/wp-content\/uploads\/2011\/05\/IMAG0091-150x100.jpg 150w\" sizes=\"auto, (max-width: 300px) 100vw, 300px\" \/><\/a><a href=\"https:\/\/www.thelins.se\/lisa\/blog\/wp-content\/uploads\/2011\/05\/IMAG0090.jpg\"><\/a><\/p>\n<p>En frukost sk\u00e5l med Katten Jansson p\u00e5.<\/p>\n<p><a href=\"https:\/\/www.thelins.se\/lisa\/blog\/wp-content\/uploads\/2011\/05\/IMAG0089.jpg\"><img loading=\"lazy\" decoding=\"async\" class=\"aligncenter size-medium wp-image-1024\" title=\"IMAG0089\" src=\"https:\/\/www.thelins.se\/lisa\/blog\/wp-content\/uploads\/2011\/05\/IMAG0089-300x200.jpg\" alt=\"\" width=\"300\" height=\"200\" srcset=\"https:\/\/www.thelins.se\/lisa\/blog\/wp-content\/uploads\/2011\/05\/IMAG0089-300x200.jpg 300w, https:\/\/www.thelins.se\/lisa\/blog\/wp-content\/uploads\/2011\/05\/IMAG0089-1024x682.jpg 1024w, https:\/\/www.thelins.se\/lisa\/blog\/wp-content\/uploads\/2011\/05\/IMAG0089-150x100.jpg 150w\" sizes=\"auto, (max-width: 300px) 100vw, 300px\" \/><\/a><\/p>\n<p>\/L<\/p>\n","protected":false},"excerpt":{"rendered":"<p>Hej alla, Ig\u00e5r fick jag mer presenter av Lena, Nils och Simone. Jag fick m\u00e5nga saker. Jag fick en boll, 2 linnen, en kl\u00e4nning, en tr\u00f6ja och b\u00e4st av allt&#8230; En frukost sk\u00e5l med Katten Jansson p\u00e5. \/L<\/p>\n","protected":false},"author":2,"featured_media":0,"comment_status":"closed","ping_status":"closed","sticky":false,"template":"","format":"standard","meta":{"footnotes":""},"categories":[1],"tags":[],"class_list":["post-1023","post","type-post","status-publish","format-standard","hentry","category-uncategorized"],"_links":{"self":[{"href":"https:\/\/www.thelins.se\/lisa\/blog\/wp-json\/wp\/v2\/posts\/1023","targetHints":{"allow":["GET"]}}],"collection":[{"href":"https:\/\/www.thelins.se\/lisa\/blog\/wp-json\/wp\/v2\/posts"}],"about":[{"href":"https:\/\/www.thelins.se\/lisa\/blog\/wp-json\/wp\/v2\/types\/post"}],"author":[{"embeddable":true,"href":"https:\/\/www.thelins.se\/lisa\/blog\/wp-json\/wp\/v2\/users\/2"}],"replies":[{"embeddable":true,"href":"https:\/\/www.thelins.se\/lisa\/blog\/wp-json\/wp\/v2\/comments?post=1023"}],"version-history":[{"count":1,"href":"https:\/\/www.thelins.se\/lisa\/blog\/wp-json\/wp\/v2\/posts\/1023\/revisions"}],"predecessor-version":[{"id":1027,"href":"https:\/\/www.thelins.se\/lisa\/blog\/wp-json\/wp\/v2\/posts\/1023\/revisions\/1027"}],"wp:attachment":[{"href":"https:\/\/www.thelins.se\/lisa\/blog\/wp-json\/wp\/v2\/media?parent=1023"}],"wp:term":[{"taxonomy":"category","embeddable":true,"href":"https:\/\/www.thelins.se\/lisa\/blog\/wp-json\/wp\/v2\/categories?post=1023"},{"taxonomy":"post_tag","embeddable":true,"href":"https:\/\/www.thelins.se\/lisa\/blog\/wp-json\/wp\/v2\/tags?post=1023"}],"curies":[{"name":"wp","href":"https:\/\/api.w.org\/{rel}","templated":true}]}}