{"id":10,"date":"2008-08-24T17:04:00","date_gmt":"2008-08-24T15:04:00","guid":{"rendered":"http:\/\/www.thelins.se\/lisa\/blog\/2008\/08\/mammaklader\/"},"modified":"2008-08-24T17:04:00","modified_gmt":"2008-08-24T15:04:00","slug":"mammaklader","status":"publish","type":"post","link":"https:\/\/www.thelins.se\/lisa\/blog\/2008\/08\/mammaklader\/","title":{"rendered":">Mammakl\u00e4der?"},"content":{"rendered":"<p>>Hej alla,<br \/><a href=\"https:\/\/www.thelins.se\/lisa\/blog\/uploaded_images\/P8170057-724022.JPG\"><img decoding=\"async\" style=\"DISPLAY: block; MARGIN: 0px auto 10px; CURSOR: hand; TEXT-ALIGN: center\" alt=\"\" src=\"https:\/\/www.thelins.se\/lisa\/blog\/uploaded_images\/P8170057-723107.JPG\" border=\"0\" \/><\/a><br \/>Idag har det h\u00e4nt grejer. Mamma plockade fram en massa konstigt &#8211; sax, n\u00e5lar, m\u00e5ttband, linjal och ett randigt tyg. Sj\u00e4lv slumrade jag till lite och kolla vad jag hade p\u00e5 mig sedan &#8211; en ny dress med byxor. Kul!<\/p>\n<p>\/Lisa<\/p>\n<div><\/div>\n","protected":false},"excerpt":{"rendered":"<p>>Hej alla,Idag har det h\u00e4nt grejer. Mamma plockade fram en massa konstigt &#8211; sax, n\u00e5lar, m\u00e5ttband, linjal och ett randigt tyg. Sj\u00e4lv slumrade jag till lite och kolla vad jag hade p\u00e5 mig sedan &#8211; en ny dress med byxor. Kul! \/Lisa<\/p>\n","protected":false},"author":2,"featured_media":0,"comment_status":"closed","ping_status":"closed","sticky":false,"template":"","format":"standard","meta":{"footnotes":""},"categories":[1],"tags":[],"class_list":["post-10","post","type-post","status-publish","format-standard","hentry","category-uncategorized"],"_links":{"self":[{"href":"https:\/\/www.thelins.se\/lisa\/blog\/wp-json\/wp\/v2\/posts\/10","targetHints":{"allow":["GET"]}}],"collection":[{"href":"https:\/\/www.thelins.se\/lisa\/blog\/wp-json\/wp\/v2\/posts"}],"about":[{"href":"https:\/\/www.thelins.se\/lisa\/blog\/wp-json\/wp\/v2\/types\/post"}],"author":[{"embeddable":true,"href":"https:\/\/www.thelins.se\/lisa\/blog\/wp-json\/wp\/v2\/users\/2"}],"replies":[{"embeddable":true,"href":"https:\/\/www.thelins.se\/lisa\/blog\/wp-json\/wp\/v2\/comments?post=10"}],"version-history":[{"count":0,"href":"https:\/\/www.thelins.se\/lisa\/blog\/wp-json\/wp\/v2\/posts\/10\/revisions"}],"wp:attachment":[{"href":"https:\/\/www.thelins.se\/lisa\/blog\/wp-json\/wp\/v2\/media?parent=10"}],"wp:term":[{"taxonomy":"category","embeddable":true,"href":"https:\/\/www.thelins.se\/lisa\/blog\/wp-json\/wp\/v2\/categories?post=10"},{"taxonomy":"post_tag","embeddable":true,"href":"https:\/\/www.thelins.se\/lisa\/blog\/wp-json\/wp\/v2\/tags?post=10"}],"curies":[{"name":"wp","href":"https:\/\/api.w.org\/{rel}","templated":true}]}}